{"id":1013,"date":"2023-12-21T21:37:58","date_gmt":"2023-12-21T20:37:58","guid":{"rendered":"https:\/\/classem.org\/wp\/?p=1013"},"modified":"2023-12-21T22:00:47","modified_gmt":"2023-12-21T21:00:47","slug":"compte-rendu-de-lag-2023-de-lafcm","status":"publish","type":"post","link":"https:\/\/classem.org\/wp\/?p=1013","title":{"rendered":"Compte-rendu de l&rsquo;AG 2023 de l&rsquo;AFCM"},"content":{"rendered":"\n<p>Voici le compte-rendu de l&rsquo;assembl\u00e9e g\u00e9n\u00e9rale de notre association qui a vu un renouvellement des membres du bureau \u00e0 l&rsquo;exception de notre valeureux pr\u00e9sident. <\/p>\n\n\n\n<ul class=\"wp-block-list\">\n<li>Marc ALAZIA devient secr\u00e9taire, il remplace Bernard MERLAUD qui a beaucoup donn\u00e9.<\/li>\n\n\n\n<li>Ludovic ATHENOUR reprend les finances g\u00e9r\u00e9es magnifiquement jusqu&rsquo;\u00e0 maintenant par Gilles BRETECHE<\/li>\n\n\n\n<li>Patrice MONTERO reprend la communication pr\u00e9c\u00e9demment assur\u00e9e par Laurent PIERRE<\/li>\n\n\n\n<li>et Jean-Baptiste DUPONT reprend le r\u00f4le de webmaster des mains d&rsquo;Emmanuel VILLEMIN.<\/li>\n<\/ul>\n\n\n\n<p><\/p>\n\n\n\n<div data-wp-interactive=\"core\/file\" class=\"wp-block-file\"><object data-wp-bind--hidden=\"!state.hasPdfPreview\" hidden class=\"wp-block-file__embed\" data=\"https:\/\/classem.org\/wp\/wp-content\/uploads\/2023\/12\/compte-rendu-AG-AFCM-2023.pdf\" type=\"application\/pdf\" style=\"width:100%;height:600px\" aria-label=\"Contenu embarqu\u00e9 compte-rendu-AG-AFCM-2023.\"><\/object><a id=\"wp-block-file--media-69d35db9-ab43-437d-be46-d6474e5a4dad\" href=\"https:\/\/classem.org\/wp\/wp-content\/uploads\/2023\/12\/compte-rendu-AG-AFCM-2023.pdf\">compte-rendu-AG-AFCM-2023<\/a><a href=\"https:\/\/classem.org\/wp\/wp-content\/uploads\/2023\/12\/compte-rendu-AG-AFCM-2023.pdf\" class=\"wp-block-file__button wp-element-button\" download aria-describedby=\"wp-block-file--media-69d35db9-ab43-437d-be46-d6474e5a4dad\">T\u00e9l\u00e9charger<\/a><\/div>\n\n\n\n<p><\/p>\n","protected":false},"excerpt":{"rendered":"<p>Voici le compte-rendu de l&rsquo;assembl\u00e9e g\u00e9n\u00e9rale de notre association qui a vu un renouvellement des membres du bureau \u00e0 l&rsquo;exception de notre valeureux pr\u00e9sident.<\/p>\n","protected":false},"author":1,"featured_media":1014,"comment_status":"open","ping_status":"open","sticky":false,"template":"","format":"standard","meta":{"footnotes":""},"categories":[5,14],"tags":[],"class_list":["post-1013","post","type-post","status-publish","format-standard","has-post-thumbnail","hentry","category-actualites","category-ag"],"_links":{"self":[{"href":"https:\/\/classem.org\/wp\/index.php?rest_route=\/wp\/v2\/posts\/1013","targetHints":{"allow":["GET"]}}],"collection":[{"href":"https:\/\/classem.org\/wp\/index.php?rest_route=\/wp\/v2\/posts"}],"about":[{"href":"https:\/\/classem.org\/wp\/index.php?rest_route=\/wp\/v2\/types\/post"}],"author":[{"embeddable":true,"href":"https:\/\/classem.org\/wp\/index.php?rest_route=\/wp\/v2\/users\/1"}],"replies":[{"embeddable":true,"href":"https:\/\/classem.org\/wp\/index.php?rest_route=%2Fwp%2Fv2%2Fcomments&post=1013"}],"version-history":[{"count":1,"href":"https:\/\/classem.org\/wp\/index.php?rest_route=\/wp\/v2\/posts\/1013\/revisions"}],"predecessor-version":[{"id":1016,"href":"https:\/\/classem.org\/wp\/index.php?rest_route=\/wp\/v2\/posts\/1013\/revisions\/1016"}],"wp:featuredmedia":[{"embeddable":true,"href":"https:\/\/classem.org\/wp\/index.php?rest_route=\/wp\/v2\/media\/1014"}],"wp:attachment":[{"href":"https:\/\/classem.org\/wp\/index.php?rest_route=%2Fwp%2Fv2%2Fmedia&parent=1013"}],"wp:term":[{"taxonomy":"category","embeddable":true,"href":"https:\/\/classem.org\/wp\/index.php?rest_route=%2Fwp%2Fv2%2Fcategories&post=1013"},{"taxonomy":"post_tag","embeddable":true,"href":"https:\/\/classem.org\/wp\/index.php?rest_route=%2Fwp%2Fv2%2Ftags&post=1013"}],"curies":[{"name":"wp","href":"https:\/\/api.w.org\/{rel}","templated":true}]}}