{"id":1097,"date":"2024-02-11T21:43:36","date_gmt":"2024-02-11T20:43:36","guid":{"rendered":"https:\/\/classem.org\/wp\/?p=1097"},"modified":"2024-02-11T21:43:36","modified_gmt":"2024-02-11T20:43:36","slug":"michel-brun-remporte-la-regate-de-louverture-au-cvsq","status":"publish","type":"post","link":"https:\/\/classem.org\/wp\/?p=1097","title":{"rendered":"Michel BRUN remporte la r\u00e9gate de l&rsquo;ouverture au CVSQ"},"content":{"rendered":"\n<p>C&rsquo;\u00e9tait plut\u00f4t \u00ab\u00a0brise\u00a0\u00bb aujourd&rsquo;hui \u00e0 Saint Quentin o\u00f9 la p\u00e9tole est plut\u00f4t le r\u00e9gime habituel. Bon flux orient\u00e9 \u00e0 l&rsquo;ouest dans le sens du lac. Le parcours  est mouill\u00e9 de fa\u00e7on inhabituelle avec une bou\u00e9e de largue \u00e0 passer au premier bord de largue. Le vent \u00e9tait bien \u00e9tabli variant selon le guru entre 15 et 25 noeuds &#8211; du gr\u00e9ement C1 voire C2, le C \u00e9tant trop puissant et ne permettant pas de descendre en s\u00e9curit\u00e9 au largue (n&rsquo;est-ce pas Laurent ?).<\/p>\n\n\n\n<p>Bref, dans ces conditions il y a eu du spectacle et des aventures. Notre ami Jean prend un gadin et fait tomber sa radio dans le lac &#8211; il n&rsquo;a pu courir qu&rsquo;une seule manche, mais ce sera suffisant pour qu&rsquo;il soit classer. Arnaud Toureau qui revenait r\u00e9gater sur un plan d&rsquo;eau qu&rsquo;il conna\u00eet bien, a manqu\u00e9 la premi\u00e8re manche, gagne la deuxi\u00e8me, fait une troisi\u00e8me correcte puis est victime d&rsquo;une avarie &#8211; Lui aussi sera class\u00e9, mais il rentrera \u00e0 la maison pr\u00e9matur\u00e9ment \u00e9galement.<\/p>\n\n\n\n<p>Dans un accorchage, Michel a tordu son safran, Arnaud Odend Hal fait un trou dans sa coque,&#8230; et on n&rsquo;a pas compt\u00e9 les \u00e9coutes qui cassent, les abordages, les accrochages, &#8230; et les noms d&rsquo;oiseaux sur le terre plein !<\/p>\n\n\n\n<figure class=\"wp-block-image size-large\"><img fetchpriority=\"high\" decoding=\"async\" width=\"1024\" height=\"768\" src=\"https:\/\/classem.org\/wp\/wp-content\/uploads\/2024\/02\/1707683751244-1024x768.jpg\" alt=\"\" class=\"wp-image-1100\" srcset=\"https:\/\/classem.org\/wp\/wp-content\/uploads\/2024\/02\/1707683751244-1024x768.jpg 1024w, https:\/\/classem.org\/wp\/wp-content\/uploads\/2024\/02\/1707683751244-300x225.jpg 300w, https:\/\/classem.org\/wp\/wp-content\/uploads\/2024\/02\/1707683751244-768x576.jpg 768w, https:\/\/classem.org\/wp\/wp-content\/uploads\/2024\/02\/1707683751244-1536x1152.jpg 1536w, https:\/\/classem.org\/wp\/wp-content\/uploads\/2024\/02\/1707683751244-2048x1536.jpg 2048w, https:\/\/classem.org\/wp\/wp-content\/uploads\/2024\/02\/1707683751244-1140x855.jpg 1140w\" sizes=\"(max-width: 1024px) 100vw, 1024px\" \/><\/figure>\n\n\n\n<p>Malgr\u00e9 tout, Michel, notre pr\u00e9sident, a \u00e9t\u00e9 r\u00e9gulier avec une belle vitesse et il remporte logiquement cette \u00e9preuve mouvement\u00e9e. Il est talonn\u00e9 par Philippe De Cottignies qui aux commandes de son Stick s&rsquo;est remarquablement comport\u00e9. Georgio PINZANI compl\u00e8te le podium en animant tout particuli\u00e8rement la remise des prix par son humour et sa bonne humeur.<\/p>\n\n\n\n<p>Voici le r\u00e9sultat, tout frais paru sur le site ffvoile : <\/p>\n\n\n\n<figure class=\"wp-block-image size-full\"><img decoding=\"async\" width=\"855\" height=\"328\" src=\"https:\/\/classem.org\/wp\/wp-content\/uploads\/2024\/02\/image-1.png\" alt=\"\" class=\"wp-image-1098\" srcset=\"https:\/\/classem.org\/wp\/wp-content\/uploads\/2024\/02\/image-1.png 855w, https:\/\/classem.org\/wp\/wp-content\/uploads\/2024\/02\/image-1-300x115.png 300w, https:\/\/classem.org\/wp\/wp-content\/uploads\/2024\/02\/image-1-768x295.png 768w\" sizes=\"(max-width: 855px) 100vw, 855px\" \/><\/figure>\n\n\n\n<figure class=\"wp-block-embed is-type-video is-provider-youtube wp-block-embed-youtube wp-embed-aspect-16-9 wp-has-aspect-ratio\"><div class=\"wp-block-embed__wrapper\">\n<iframe title=\"dernier d\u00e9part au CVSQ le 11 f\u00e9vrier 2024\" width=\"960\" height=\"540\" src=\"https:\/\/www.youtube.com\/embed\/D3h1Zm3f88g?feature=oembed\" frameborder=\"0\" allow=\"accelerometer; autoplay; clipboard-write; encrypted-media; gyroscope; picture-in-picture; web-share\" allowfullscreen><\/iframe>\n<\/div><figcaption class=\"wp-element-caption\">Exemple d&#8217;embrouilles aux d\u00e9parts dans la journ\u00e9e !<\/figcaption><\/figure>\n","protected":false},"excerpt":{"rendered":"<p>C&rsquo;\u00e9tait plut\u00f4t \u00ab\u00a0brise\u00a0\u00bb aujourd&rsquo;hui \u00e0 Saint Quentin o\u00f9 la p\u00e9tole est plut\u00f4t le r\u00e9gime habituel. Bon flux orient\u00e9 \u00e0 l&rsquo;ouest dans le sens du lac. Le parcours est mouill\u00e9 de fa\u00e7on inhabituelle avec une bou\u00e9e de largue \u00e0 passer au premier bord de largue. Le vent \u00e9tait bien \u00e9tabli variant selon le guru entre 15 et 25 noeuds &#8211; du gr\u00e9ement C1 voire C2, le C \u00e9tant trop puissant et ne permettant pas de descendre en s\u00e9curit\u00e9 au largue (n&rsquo;est-ce pas Laurent ?). Bref, dans ces conditions il y a eu du spectacle et des aventures. Notre ami Jean prend un gadin et fait tomber sa radio dans le lac &#8211; il n&rsquo;a pu courir qu&rsquo;une seule manche, mais ce sera suffisant pour qu&rsquo;il soit classer. Arnaud Toureau qui revenait r\u00e9gater sur un plan d&rsquo;eau qu&rsquo;il conna\u00eet bien, a manqu\u00e9 la premi\u00e8re manche, gagne la deuxi\u00e8me, fait une troisi\u00e8me correcte puis est victime d&rsquo;une avarie &#8211; Lui aussi sera class\u00e9, mais il rentrera \u00e0 la maison pr\u00e9matur\u00e9ment \u00e9galement. Dans un accorchage, Michel a tordu son safran, Arnaud Odend Hal fait un trou dans sa coque,&#8230; et on n&rsquo;a pas compt\u00e9 les \u00e9coutes qui cassent, les abordages, les accrochages, &#8230; et les noms d&rsquo;oiseaux sur le terre plein ! Malgr\u00e9 tout, Michel, notre pr\u00e9sident, a \u00e9t\u00e9 r\u00e9gulier avec une belle vitesse et il remporte logiquement cette \u00e9preuve mouvement\u00e9e. Il est talonn\u00e9 par Philippe De Cottignies qui aux commandes de son Stick s&rsquo;est remarquablement comport\u00e9. Georgio PINZANI compl\u00e8te le podium en animant tout particuli\u00e8rement la remise des prix par son humour et sa bonne humeur. Voici le r\u00e9sultat, tout frais paru sur le site ffvoile :<\/p>\n","protected":false},"author":2,"featured_media":1099,"comment_status":"open","ping_status":"open","sticky":false,"template":"","format":"standard","meta":{"footnotes":""},"categories":[5,10],"tags":[],"class_list":["post-1097","post","type-post","status-publish","format-standard","has-post-thumbnail","hentry","category-actualites","category-regate"],"_links":{"self":[{"href":"https:\/\/classem.org\/wp\/index.php?rest_route=\/wp\/v2\/posts\/1097","targetHints":{"allow":["GET"]}}],"collection":[{"href":"https:\/\/classem.org\/wp\/index.php?rest_route=\/wp\/v2\/posts"}],"about":[{"href":"https:\/\/classem.org\/wp\/index.php?rest_route=\/wp\/v2\/types\/post"}],"author":[{"embeddable":true,"href":"https:\/\/classem.org\/wp\/index.php?rest_route=\/wp\/v2\/users\/2"}],"replies":[{"embeddable":true,"href":"https:\/\/classem.org\/wp\/index.php?rest_route=%2Fwp%2Fv2%2Fcomments&post=1097"}],"version-history":[{"count":1,"href":"https:\/\/classem.org\/wp\/index.php?rest_route=\/wp\/v2\/posts\/1097\/revisions"}],"predecessor-version":[{"id":1101,"href":"https:\/\/classem.org\/wp\/index.php?rest_route=\/wp\/v2\/posts\/1097\/revisions\/1101"}],"wp:featuredmedia":[{"embeddable":true,"href":"https:\/\/classem.org\/wp\/index.php?rest_route=\/wp\/v2\/media\/1099"}],"wp:attachment":[{"href":"https:\/\/classem.org\/wp\/index.php?rest_route=%2Fwp%2Fv2%2Fmedia&parent=1097"}],"wp:term":[{"taxonomy":"category","embeddable":true,"href":"https:\/\/classem.org\/wp\/index.php?rest_route=%2Fwp%2Fv2%2Fcategories&post=1097"},{"taxonomy":"post_tag","embeddable":true,"href":"https:\/\/classem.org\/wp\/index.php?rest_route=%2Fwp%2Fv2%2Ftags&post=1097"}],"curies":[{"name":"wp","href":"https:\/\/api.w.org\/{rel}","templated":true}]}}