{"id":1436,"date":"2024-10-29T14:30:26","date_gmt":"2024-10-29T13:30:26","guid":{"rendered":"https:\/\/classem.org\/wp\/?p=1436"},"modified":"2024-10-29T14:30:27","modified_gmt":"2024-10-29T13:30:27","slug":"marcel-krauth-remporte-la-derniere-regate-de-m-de-la-saison-a-bischheim-et-aligne-deux-victoires-de-rang-dans-lest","status":"publish","type":"post","link":"https:\/\/classem.org\/wp\/?p=1436","title":{"rendered":"Marcel KRAUTH remporte la derni\u00e8re r\u00e9gate de M de la saison \u00e0 BISCHHEIM et aligne deux victoires de rang dans l&rsquo;est !"},"content":{"rendered":"\n<p>R\u00e9gate \u00ab\u00a0La derni\u00e8re du M\u00a0\u00bb  le 27 octobre 2024 \u00e0 Bischheim<\/p>\n\n\n\n<ul class=\"wp-block-list\">\n<li>M\u00e9t\u00e9o : C&rsquo;est sous un beau soleil et une temp\u00e9rature agr\u00e9able pour la saison, que s&rsquo;est disput\u00e9e dans un vent tr\u00e8s l\u00e9ger la derni\u00e8re \u00e9preuve de la saison de classe M \u00e0 BISCHHEIM.<\/li>\n\n\n\n<li>Tr\u00e8s l\u00e9ger le vent, pour ne pas dire p\u00e9tole avec des moments o\u00f9 il a m\u00eame disparu&#8230; ce qui est toujours \u00e9prouvant pour les nerfs des skippers.<\/li>\n<\/ul>\n\n\n\n<figure class=\"wp-block-image size-large\"><img fetchpriority=\"high\" decoding=\"async\" width=\"1024\" height=\"769\" src=\"https:\/\/classem.org\/wp\/wp-content\/uploads\/2024\/10\/Regate-du-27-octobre-2024-a-Bischheim_071-1024x769.jpg\" alt=\"\" class=\"wp-image-1440\" srcset=\"https:\/\/classem.org\/wp\/wp-content\/uploads\/2024\/10\/Regate-du-27-octobre-2024-a-Bischheim_071-1024x769.jpg 1024w, https:\/\/classem.org\/wp\/wp-content\/uploads\/2024\/10\/Regate-du-27-octobre-2024-a-Bischheim_071-300x225.jpg 300w, https:\/\/classem.org\/wp\/wp-content\/uploads\/2024\/10\/Regate-du-27-octobre-2024-a-Bischheim_071-768x576.jpg 768w, https:\/\/classem.org\/wp\/wp-content\/uploads\/2024\/10\/Regate-du-27-octobre-2024-a-Bischheim_071-1140x856.jpg 1140w, https:\/\/classem.org\/wp\/wp-content\/uploads\/2024\/10\/Regate-du-27-octobre-2024-a-Bischheim_071.jpg 1171w\" sizes=\"(max-width: 1024px) 100vw, 1024px\" \/><\/figure>\n\n\n\n<ul class=\"wp-block-list\">\n<li>Les skippers, ils \u00e9taient 15 inscrits, mais les premiers rhumes et grippes de la saison ayant frapp\u00e9s, il n&rsquo;y avait que 13 skippers au bord du plan d&rsquo;eau. Ils sont venus d&rsquo;Allemagne (4), d&rsquo;Alsace (de BISCHHEIM) (6), de Lorraine (Nancy) (2) et m\u00eame d&rsquo;Ukraine (1) !<\/li>\n<\/ul>\n\n\n\n<figure class=\"wp-block-image size-large\"><img decoding=\"async\" width=\"1024\" height=\"577\" src=\"https:\/\/classem.org\/wp\/wp-content\/uploads\/2024\/10\/Regate-du-27-octobre-2024-a-Bischheim_062-1024x577.jpg\" alt=\"\" class=\"wp-image-1445\" srcset=\"https:\/\/classem.org\/wp\/wp-content\/uploads\/2024\/10\/Regate-du-27-octobre-2024-a-Bischheim_062-1024x577.jpg 1024w, https:\/\/classem.org\/wp\/wp-content\/uploads\/2024\/10\/Regate-du-27-octobre-2024-a-Bischheim_062-300x169.jpg 300w, https:\/\/classem.org\/wp\/wp-content\/uploads\/2024\/10\/Regate-du-27-octobre-2024-a-Bischheim_062-768x432.jpg 768w, https:\/\/classem.org\/wp\/wp-content\/uploads\/2024\/10\/Regate-du-27-octobre-2024-a-Bischheim_062-1536x865.jpg 1536w, https:\/\/classem.org\/wp\/wp-content\/uploads\/2024\/10\/Regate-du-27-octobre-2024-a-Bischheim_062-1140x642.jpg 1140w, https:\/\/classem.org\/wp\/wp-content\/uploads\/2024\/10\/Regate-du-27-octobre-2024-a-Bischheim_062.jpg 1561w\" sizes=\"(max-width: 1024px) 100vw, 1024px\" \/><\/figure>\n\n\n\n<ul class=\"wp-block-list\">\n<li>Les  M en pr\u00e9sence : du Tramontane &#8211;  du Paradox &#8211; du Nioutram (le vainqueur) &#8211; du Sisco &#8211; du Skalpel &#8211; et du Starker\u2026 que de tr\u00e8s bons bateaux !<\/li>\n\n\n\n<li>8 courses ont \u00e9t\u00e9 disput\u00e9es dans ces conditions de demoiselles sur des parcours construits de 10h00 \u00e0 15h00 (avec pause midi pour partager au bord de l&rsquo;eau une collation)<\/li>\n<\/ul>\n\n\n\n<figure class=\"wp-block-image size-large\"><img decoding=\"async\" width=\"1024\" height=\"769\" src=\"https:\/\/classem.org\/wp\/wp-content\/uploads\/2024\/10\/Regate-du-27-octobre-2024-a-Bischheim_062-1-1024x769.jpg\" alt=\"\" class=\"wp-image-1441\" srcset=\"https:\/\/classem.org\/wp\/wp-content\/uploads\/2024\/10\/Regate-du-27-octobre-2024-a-Bischheim_062-1-1024x769.jpg 1024w, https:\/\/classem.org\/wp\/wp-content\/uploads\/2024\/10\/Regate-du-27-octobre-2024-a-Bischheim_062-1-300x225.jpg 300w, https:\/\/classem.org\/wp\/wp-content\/uploads\/2024\/10\/Regate-du-27-octobre-2024-a-Bischheim_062-1-768x576.jpg 768w, https:\/\/classem.org\/wp\/wp-content\/uploads\/2024\/10\/Regate-du-27-octobre-2024-a-Bischheim_062-1-1140x856.jpg 1140w, https:\/\/classem.org\/wp\/wp-content\/uploads\/2024\/10\/Regate-du-27-octobre-2024-a-Bischheim_062-1.jpg 1171w\" sizes=\"(max-width: 1024px) 100vw, 1024px\" \/><\/figure>\n\n\n\n<ul class=\"wp-block-list\">\n<li>R\u00e9gates, arbitrage, jugement direct, pas d&rsquo;incidents notables<\/li>\n\n\n\n<li>Voici le podium :\n<ul class=\"wp-block-list\">\n<li>Marcel KRAUTH du Mod\u00e8le Yacht Club de Bischheim prend la 1\u00e8re place,<\/li>\n\n\n\n<li>suivi de l&rsquo;Ukrainien KISHUBAIEV Timur 2\u00e8me,<\/li>\n\n\n\n<li>et enfin la 3\u00e8me place, Joseph SCHNEIDER du Mod\u00e8le Yacht Club de Bischheim<\/li>\n<\/ul>\n<\/li>\n<\/ul>\n\n\n\n<figure class=\"wp-block-image size-large\"><img loading=\"lazy\" decoding=\"async\" width=\"1024\" height=\"841\" src=\"https:\/\/classem.org\/wp\/wp-content\/uploads\/2024\/10\/Regate-du-27-octobre-2024-a-Bischheim_081-1024x841.jpg\" alt=\"\" class=\"wp-image-1442\" srcset=\"https:\/\/classem.org\/wp\/wp-content\/uploads\/2024\/10\/Regate-du-27-octobre-2024-a-Bischheim_081-1024x841.jpg 1024w, https:\/\/classem.org\/wp\/wp-content\/uploads\/2024\/10\/Regate-du-27-octobre-2024-a-Bischheim_081-300x246.jpg 300w, https:\/\/classem.org\/wp\/wp-content\/uploads\/2024\/10\/Regate-du-27-octobre-2024-a-Bischheim_081-768x631.jpg 768w, https:\/\/classem.org\/wp\/wp-content\/uploads\/2024\/10\/Regate-du-27-octobre-2024-a-Bischheim_081.jpg 1070w\" sizes=\"(max-width: 1024px) 100vw, 1024px\" \/><\/figure>\n\n\n\n<p>Apr\u00e8s la remise des prix, la journ\u00e9e se termine autour du verre de l&rsquo;amiti\u00e9 et de tr\u00e8s bons g\u00e2teaux \u00ab\u00a0faits maison\u00a0\u00bb par nos p\u00e2tissi\u00e8res et supportrices fid\u00e8les\u2026<\/p>\n\n\n\n<figure class=\"wp-block-image size-large\"><img loading=\"lazy\" decoding=\"async\" width=\"1024\" height=\"577\" src=\"https:\/\/classem.org\/wp\/wp-content\/uploads\/2024\/10\/Regate-du-27-octobre-2024-a-Bischheim_083-1024x577.jpg\" alt=\"\" class=\"wp-image-1443\" srcset=\"https:\/\/classem.org\/wp\/wp-content\/uploads\/2024\/10\/Regate-du-27-octobre-2024-a-Bischheim_083-1024x577.jpg 1024w, https:\/\/classem.org\/wp\/wp-content\/uploads\/2024\/10\/Regate-du-27-octobre-2024-a-Bischheim_083-300x169.jpg 300w, https:\/\/classem.org\/wp\/wp-content\/uploads\/2024\/10\/Regate-du-27-octobre-2024-a-Bischheim_083-768x432.jpg 768w, https:\/\/classem.org\/wp\/wp-content\/uploads\/2024\/10\/Regate-du-27-octobre-2024-a-Bischheim_083-1536x865.jpg 1536w, https:\/\/classem.org\/wp\/wp-content\/uploads\/2024\/10\/Regate-du-27-octobre-2024-a-Bischheim_083-1140x642.jpg 1140w, https:\/\/classem.org\/wp\/wp-content\/uploads\/2024\/10\/Regate-du-27-octobre-2024-a-Bischheim_083.jpg 1561w\" sizes=\"(max-width: 1024px) 100vw, 1024px\" \/><\/figure>\n\n\n\n<p>M\u00eame si le vent nous a jou\u00e9 des mauvais tours, au moins le soleil \u00e9tait au rendez-vous et on a pass\u00e9 une bonne journ\u00e9e.<\/p>\n\n\n\n<figure class=\"wp-block-image size-large\"><img loading=\"lazy\" decoding=\"async\" width=\"1024\" height=\"682\" src=\"https:\/\/classem.org\/wp\/wp-content\/uploads\/2024\/10\/Regate-du-27-octobre-2024-a-Bischheim_056-1024x682.jpg\" alt=\"\" class=\"wp-image-1444\" srcset=\"https:\/\/classem.org\/wp\/wp-content\/uploads\/2024\/10\/Regate-du-27-octobre-2024-a-Bischheim_056-1024x682.jpg 1024w, https:\/\/classem.org\/wp\/wp-content\/uploads\/2024\/10\/Regate-du-27-octobre-2024-a-Bischheim_056-300x200.jpg 300w, https:\/\/classem.org\/wp\/wp-content\/uploads\/2024\/10\/Regate-du-27-octobre-2024-a-Bischheim_056-768x512.jpg 768w, https:\/\/classem.org\/wp\/wp-content\/uploads\/2024\/10\/Regate-du-27-octobre-2024-a-Bischheim_056-1140x760.jpg 1140w, https:\/\/classem.org\/wp\/wp-content\/uploads\/2024\/10\/Regate-du-27-octobre-2024-a-Bischheim_056.jpg 1319w\" sizes=\"(max-width: 1024px) 100vw, 1024px\" \/><\/figure>\n\n\n\n<p><br>Comme \u00e0 l\u2019accoutum\u00e9e, tout le monde se quitte dans la bonne humeur et on se donne rendez-vous pour Bischheim et Nancy pour la saison prochaine 2025\u2026<\/p>\n\n\n\n<figure class=\"wp-block-image size-full\"><img loading=\"lazy\" decoding=\"async\" width=\"695\" height=\"337\" src=\"https:\/\/classem.org\/wp\/wp-content\/uploads\/2024\/10\/Capture-decran-du-2024-10-28-20-55-45.png\" alt=\"\" class=\"wp-image-1437\" srcset=\"https:\/\/classem.org\/wp\/wp-content\/uploads\/2024\/10\/Capture-decran-du-2024-10-28-20-55-45.png 695w, https:\/\/classem.org\/wp\/wp-content\/uploads\/2024\/10\/Capture-decran-du-2024-10-28-20-55-45-300x145.png 300w\" sizes=\"(max-width: 695px) 100vw, 695px\" \/><\/figure>\n","protected":false},"excerpt":{"rendered":"<p>R\u00e9gate \u00ab\u00a0La derni\u00e8re du M\u00a0\u00bb le 27 octobre 2024 \u00e0 Bischheim Apr\u00e8s la remise des prix, la journ\u00e9e se termine autour du verre de l&rsquo;amiti\u00e9 et de tr\u00e8s bons g\u00e2teaux \u00ab\u00a0faits maison\u00a0\u00bb par nos p\u00e2tissi\u00e8res et supportrices fid\u00e8les\u2026 M\u00eame si le vent nous a jou\u00e9 des mauvais tours, au moins le soleil \u00e9tait au rendez-vous et on a pass\u00e9 une bonne journ\u00e9e. Comme \u00e0 l\u2019accoutum\u00e9e, tout le monde se quitte dans la bonne humeur et on se donne rendez-vous pour Bischheim et Nancy pour la saison prochaine 2025\u2026<\/p>\n","protected":false},"author":2,"featured_media":1439,"comment_status":"closed","ping_status":"open","sticky":false,"template":"","format":"standard","meta":{"footnotes":""},"categories":[5,10],"tags":[],"class_list":["post-1436","post","type-post","status-publish","format-standard","has-post-thumbnail","hentry","category-actualites","category-regate"],"_links":{"self":[{"href":"https:\/\/classem.org\/wp\/index.php?rest_route=\/wp\/v2\/posts\/1436","targetHints":{"allow":["GET"]}}],"collection":[{"href":"https:\/\/classem.org\/wp\/index.php?rest_route=\/wp\/v2\/posts"}],"about":[{"href":"https:\/\/classem.org\/wp\/index.php?rest_route=\/wp\/v2\/types\/post"}],"author":[{"embeddable":true,"href":"https:\/\/classem.org\/wp\/index.php?rest_route=\/wp\/v2\/users\/2"}],"replies":[{"embeddable":true,"href":"https:\/\/classem.org\/wp\/index.php?rest_route=%2Fwp%2Fv2%2Fcomments&post=1436"}],"version-history":[{"count":2,"href":"https:\/\/classem.org\/wp\/index.php?rest_route=\/wp\/v2\/posts\/1436\/revisions"}],"predecessor-version":[{"id":1446,"href":"https:\/\/classem.org\/wp\/index.php?rest_route=\/wp\/v2\/posts\/1436\/revisions\/1446"}],"wp:featuredmedia":[{"embeddable":true,"href":"https:\/\/classem.org\/wp\/index.php?rest_route=\/wp\/v2\/media\/1439"}],"wp:attachment":[{"href":"https:\/\/classem.org\/wp\/index.php?rest_route=%2Fwp%2Fv2%2Fmedia&parent=1436"}],"wp:term":[{"taxonomy":"category","embeddable":true,"href":"https:\/\/classem.org\/wp\/index.php?rest_route=%2Fwp%2Fv2%2Fcategories&post=1436"},{"taxonomy":"post_tag","embeddable":true,"href":"https:\/\/classem.org\/wp\/index.php?rest_route=%2Fwp%2Fv2%2Ftags&post=1436"}],"curies":[{"name":"wp","href":"https:\/\/api.w.org\/{rel}","templated":true}]}}