{"id":1575,"date":"2025-02-25T15:44:03","date_gmt":"2025-02-25T14:44:03","guid":{"rendered":"https:\/\/classem.org\/wp\/?p=1575"},"modified":"2025-02-28T11:46:42","modified_gmt":"2025-02-28T10:46:42","slug":"nicolas-aux-commande-de-son-beau-grunge-bleu-a-domine-lepreuve-a-valenciennes","status":"publish","type":"post","link":"https:\/\/classem.org\/wp\/?p=1575","title":{"rendered":"Nicolas aux commandes de son beau GRUNGE bleu a domin\u00e9 l&rsquo;\u00e9preuve \u00e0 Valenciennes&#8230;"},"content":{"rendered":"\n<p>Certes il faisait un peu frais \u00e0 Valenciennes quand je suis arriv\u00e9, mais le soleil a rendu la journ\u00e9e tr\u00e8s agr\u00e9able. Le vent assez l\u00e9ger \u00e0 8h30, s&rsquo;est \u00e9tabli \u00e0 10 n\u0153uds de secteur Sud vers 10h pour se renforcer tout au long de la journ\u00e9e.<\/p>\n\n\n\n<figure class=\"wp-block-image size-large\"><img fetchpriority=\"high\" decoding=\"async\" width=\"768\" height=\"1024\" src=\"https:\/\/classem.org\/wp\/wp-content\/uploads\/2025\/02\/IMG-20250223-WA0000-768x1024.jpg\" alt=\"\" class=\"wp-image-1579\" srcset=\"https:\/\/classem.org\/wp\/wp-content\/uploads\/2025\/02\/IMG-20250223-WA0000-768x1024.jpg 768w, https:\/\/classem.org\/wp\/wp-content\/uploads\/2025\/02\/IMG-20250223-WA0000-225x300.jpg 225w, https:\/\/classem.org\/wp\/wp-content\/uploads\/2025\/02\/IMG-20250223-WA0000-1152x1536.jpg 1152w, https:\/\/classem.org\/wp\/wp-content\/uploads\/2025\/02\/IMG-20250223-WA0000-1140x1520.jpg 1140w, https:\/\/classem.org\/wp\/wp-content\/uploads\/2025\/02\/IMG-20250223-WA0000.jpg 1536w\" sizes=\"(max-width: 768px) 100vw, 768px\" \/><\/figure>\n\n\n\n<p>10 skippers ont r\u00e9pondu \u00e0 l&rsquo;appel. Gilles, malade, a d\u00e9clar\u00e9 forfait \u00e0 la derni\u00e8re minute, lui comptait bien profit\u00e9 ce cette r\u00e9gate pour parfaire ses r\u00e9glages.<\/p>\n\n\n\n<p>Le CV Valenciennes nous a accueilli de fa\u00e7on tr\u00e8s sympathique avec du caf\u00e9 chaud et des brioches et des tonnes de sourires et de poign\u00e9es de main chaleureuses. L&rsquo;accueil du Nord n&rsquo;est pas une l\u00e9gende.<\/p>\n\n\n\n<p>On a pu faire 5 courses le matin et 11 l&rsquo;apr\u00e8s-midi. En gr\u00e9ement A le matin, le haut du A en fait, et en gr\u00e9ement B l&rsquo;apr\u00e8s-midi &#8211; limite de passer en C en fin d&rsquo;apr\u00e8s-midi.<\/p>\n\n\n\n<figure class=\"wp-block-image size-large\"><img decoding=\"async\" width=\"768\" height=\"1024\" src=\"https:\/\/classem.org\/wp\/wp-content\/uploads\/2025\/02\/1740494091252-768x1024.jpg\" alt=\"\" class=\"wp-image-1580\" srcset=\"https:\/\/classem.org\/wp\/wp-content\/uploads\/2025\/02\/1740494091252-768x1024.jpg 768w, https:\/\/classem.org\/wp\/wp-content\/uploads\/2025\/02\/1740494091252-225x300.jpg 225w, https:\/\/classem.org\/wp\/wp-content\/uploads\/2025\/02\/1740494091252-1152x1536.jpg 1152w, https:\/\/classem.org\/wp\/wp-content\/uploads\/2025\/02\/1740494091252-1536x2048.jpg 1536w, https:\/\/classem.org\/wp\/wp-content\/uploads\/2025\/02\/1740494091252-1140x1520.jpg 1140w, https:\/\/classem.org\/wp\/wp-content\/uploads\/2025\/02\/1740494091252-scaled.jpg 1920w\" sizes=\"(max-width: 768px) 100vw, 768px\" \/><figcaption class=\"wp-element-caption\">St\u00e9phane soigne ses r\u00e9glages avec efficacit\u00e9.<\/figcaption><\/figure>\n\n\n\n<p>Si Michel a d\u00e9marr\u00e9 fort en remportant la premi\u00e8re manche, Nicolas a vite r\u00e9gl\u00e9 la mire pour s&rsquo;imposer devant St\u00e9phane VANTOUROUX tout nouveau membre du CVSQ d\u00e9sormais puisqu&rsquo;il a quitt\u00e9 les bords de la Loire pour venir s&rsquo;installer en r\u00e9gion parisienne et Michel notre pr\u00e9sident.<\/p>\n\n\n\n<figure class=\"wp-block-image size-large\"><img decoding=\"async\" width=\"768\" height=\"1024\" src=\"https:\/\/classem.org\/wp\/wp-content\/uploads\/2025\/02\/1740494122543-768x1024.jpg\" alt=\"\" class=\"wp-image-1581\" srcset=\"https:\/\/classem.org\/wp\/wp-content\/uploads\/2025\/02\/1740494122543-768x1024.jpg 768w, https:\/\/classem.org\/wp\/wp-content\/uploads\/2025\/02\/1740494122543-225x300.jpg 225w, https:\/\/classem.org\/wp\/wp-content\/uploads\/2025\/02\/1740494122543-1152x1536.jpg 1152w, https:\/\/classem.org\/wp\/wp-content\/uploads\/2025\/02\/1740494122543-1536x2048.jpg 1536w, https:\/\/classem.org\/wp\/wp-content\/uploads\/2025\/02\/1740494122543-1140x1520.jpg 1140w, https:\/\/classem.org\/wp\/wp-content\/uploads\/2025\/02\/1740494122543-scaled.jpg 1920w\" sizes=\"(max-width: 768px) 100vw, 768px\" \/><figcaption class=\"wp-element-caption\">Alexandre, le niewby, a bien march\u00e9 dans la brise avec sont beau Stress.<\/figcaption><\/figure>\n\n\n\n<p>A la distribution des prix, notre pr\u00e9sident du comit\u00e9 de course nous a vertement tanc\u00e9s, du moins ceux qui protestent \u00e0 torts et \u00e0 travers contre les d\u00e9cisions de l&rsquo;arbitrage ou contre les autres concurrents. Tout le monde n&rsquo;\u00e9tait pas vis\u00e9, certes&#8230;<\/p>\n\n\n\n<figure class=\"wp-block-image size-large\"><img loading=\"lazy\" decoding=\"async\" width=\"1024\" height=\"576\" src=\"https:\/\/classem.org\/wp\/wp-content\/uploads\/2025\/02\/IMG-20250223-WA0004-1024x576.jpg\" alt=\"\" class=\"wp-image-1578\" srcset=\"https:\/\/classem.org\/wp\/wp-content\/uploads\/2025\/02\/IMG-20250223-WA0004-1024x576.jpg 1024w, https:\/\/classem.org\/wp\/wp-content\/uploads\/2025\/02\/IMG-20250223-WA0004-300x169.jpg 300w, https:\/\/classem.org\/wp\/wp-content\/uploads\/2025\/02\/IMG-20250223-WA0004-768x432.jpg 768w, https:\/\/classem.org\/wp\/wp-content\/uploads\/2025\/02\/IMG-20250223-WA0004-1536x864.jpg 1536w, https:\/\/classem.org\/wp\/wp-content\/uploads\/2025\/02\/IMG-20250223-WA0004-1140x641.jpg 1140w, https:\/\/classem.org\/wp\/wp-content\/uploads\/2025\/02\/IMG-20250223-WA0004.jpg 1920w\" sizes=\"(max-width: 1024px) 100vw, 1024px\" \/><figcaption class=\"wp-element-caption\">Le Podium, avec Nicolas 1er, St\u00e9phane \u00e0 gauche et Michel \u00e0 droite. On aper\u00e7oit le pr\u00e9sident du comit\u00e9 de course \u00e0 droite.<\/figcaption><\/figure>\n\n\n\n<p>Un grand merci au pr\u00e9sident du CVV pour sa gentillesse, sa disponibilit\u00e9 et sa serviabilit\u00e9. Il a tout fait pour nous rendre la journ\u00e9e tr\u00e8s agr\u00e9able. Gr\u00e2ce \u00e0 son \u00e9quipe, on a pass\u00e9 un tr\u00e8s bon moment \u00e0 terre.<\/p>\n\n\n\n<p>Voici le classement complet :<\/p>\n\n\n\n<figure class=\"wp-block-image size-large\"><img loading=\"lazy\" decoding=\"async\" width=\"1024\" height=\"396\" src=\"https:\/\/classem.org\/wp\/wp-content\/uploads\/2025\/02\/image-1024x396.png\" alt=\"\" class=\"wp-image-1576\" srcset=\"https:\/\/classem.org\/wp\/wp-content\/uploads\/2025\/02\/image-1024x396.png 1024w, https:\/\/classem.org\/wp\/wp-content\/uploads\/2025\/02\/image-300x116.png 300w, https:\/\/classem.org\/wp\/wp-content\/uploads\/2025\/02\/image-768x297.png 768w, https:\/\/classem.org\/wp\/wp-content\/uploads\/2025\/02\/image.png 1032w\" sizes=\"(max-width: 1024px) 100vw, 1024px\" \/><\/figure>\n\n\n\n<p><\/p>\n","protected":false},"excerpt":{"rendered":"<p>Certes il faisait un peu frais \u00e0 Valenciennes quand je suis arriv\u00e9, mais le soleil a rendu la journ\u00e9e tr\u00e8s agr\u00e9able. Le vent assez l\u00e9ger \u00e0 8h30, s&rsquo;est \u00e9tabli \u00e0 10 n\u0153uds de secteur Sud vers 10h pour se renforcer tout au long de la journ\u00e9e. 10 skippers ont r\u00e9pondu \u00e0 l&rsquo;appel. Gilles, malade, a d\u00e9clar\u00e9 forfait \u00e0 la derni\u00e8re minute, lui comptait bien profit\u00e9 ce cette r\u00e9gate pour parfaire ses r\u00e9glages. Le CV Valenciennes nous a accueilli de fa\u00e7on tr\u00e8s sympathique avec du caf\u00e9 chaud et des brioches et des tonnes de sourires et de poign\u00e9es de main chaleureuses. L&rsquo;accueil du Nord n&rsquo;est pas une l\u00e9gende. On a pu faire 5 courses le matin et 11 l&rsquo;apr\u00e8s-midi. En gr\u00e9ement A le matin, le haut du A en fait, et en gr\u00e9ement B l&rsquo;apr\u00e8s-midi &#8211; limite de passer en C en fin d&rsquo;apr\u00e8s-midi. Si Michel a d\u00e9marr\u00e9 fort en remportant la premi\u00e8re manche, Nicolas a vite r\u00e9gl\u00e9 la mire pour s&rsquo;imposer devant St\u00e9phane VANTOUROUX tout nouveau membre du CVSQ d\u00e9sormais puisqu&rsquo;il a quitt\u00e9 les bords de la Loire pour venir s&rsquo;installer en r\u00e9gion parisienne et Michel notre pr\u00e9sident. A la distribution des prix, notre pr\u00e9sident du comit\u00e9 de course nous a vertement tanc\u00e9s, du moins ceux qui protestent \u00e0 torts et \u00e0 travers contre les d\u00e9cisions de l&rsquo;arbitrage ou contre les autres concurrents. Tout le monde n&rsquo;\u00e9tait pas vis\u00e9, certes&#8230; Un grand merci au pr\u00e9sident du CVV pour sa gentillesse, sa disponibilit\u00e9 et sa serviabilit\u00e9. Il a tout fait pour nous rendre la journ\u00e9e tr\u00e8s agr\u00e9able. Gr\u00e2ce \u00e0 son \u00e9quipe, on a pass\u00e9 un tr\u00e8s bon moment \u00e0 terre. Voici le classement complet :<\/p>\n","protected":false},"author":2,"featured_media":1578,"comment_status":"closed","ping_status":"open","sticky":false,"template":"","format":"standard","meta":{"footnotes":""},"categories":[5,10],"tags":[],"class_list":["post-1575","post","type-post","status-publish","format-standard","has-post-thumbnail","hentry","category-actualites","category-regate"],"_links":{"self":[{"href":"https:\/\/classem.org\/wp\/index.php?rest_route=\/wp\/v2\/posts\/1575","targetHints":{"allow":["GET"]}}],"collection":[{"href":"https:\/\/classem.org\/wp\/index.php?rest_route=\/wp\/v2\/posts"}],"about":[{"href":"https:\/\/classem.org\/wp\/index.php?rest_route=\/wp\/v2\/types\/post"}],"author":[{"embeddable":true,"href":"https:\/\/classem.org\/wp\/index.php?rest_route=\/wp\/v2\/users\/2"}],"replies":[{"embeddable":true,"href":"https:\/\/classem.org\/wp\/index.php?rest_route=%2Fwp%2Fv2%2Fcomments&post=1575"}],"version-history":[{"count":5,"href":"https:\/\/classem.org\/wp\/index.php?rest_route=\/wp\/v2\/posts\/1575\/revisions"}],"predecessor-version":[{"id":1587,"href":"https:\/\/classem.org\/wp\/index.php?rest_route=\/wp\/v2\/posts\/1575\/revisions\/1587"}],"wp:featuredmedia":[{"embeddable":true,"href":"https:\/\/classem.org\/wp\/index.php?rest_route=\/wp\/v2\/media\/1578"}],"wp:attachment":[{"href":"https:\/\/classem.org\/wp\/index.php?rest_route=%2Fwp%2Fv2%2Fmedia&parent=1575"}],"wp:term":[{"taxonomy":"category","embeddable":true,"href":"https:\/\/classem.org\/wp\/index.php?rest_route=%2Fwp%2Fv2%2Fcategories&post=1575"},{"taxonomy":"post_tag","embeddable":true,"href":"https:\/\/classem.org\/wp\/index.php?rest_route=%2Fwp%2Fv2%2Ftags&post=1575"}],"curies":[{"name":"wp","href":"https:\/\/api.w.org\/{rel}","templated":true}]}}