{"id":1596,"date":"2025-03-10T18:14:32","date_gmt":"2025-03-10T17:14:32","guid":{"rendered":"https:\/\/classem.org\/wp\/?p=1596"},"modified":"2025-03-10T18:14:32","modified_gmt":"2025-03-10T17:14:32","slug":"quinquin-gagne-a-choisy-et-prend-sa-revanche-sur-erwann-vainqueur-la-semaine-derniere","status":"publish","type":"post","link":"https:\/\/classem.org\/wp\/?p=1596","title":{"rendered":"Quinquin gagne \u00e0 Choisy et prend sa revanche sur Erwann vainqueur la semaine derni\u00e8re."},"content":{"rendered":"\n<p>Vent tr\u00e8s mal orient\u00e9, selon Bernard notre ex-secr\u00e9taire&#8230;mais tout de m\u00eame 13 manches disput\u00e9es domin\u00e9es par Quinquin qui prend ainsi sa revanche du week-end dernier o\u00f9 Erwann lui avait damer le pion \u00e0 Saint Quentin. St\u00e9phane qui retrouvait son bateau qui avait subi une avarie \u00e0 Valenciennes termine troisi\u00e8me.<\/p>\n\n\n\n<p>On notera que le CVSQ s&rsquo;est d\u00e9plac\u00e9 \u00ab\u00a0en masse\u00a0\u00bb avec 7 coureurs licenci\u00e9s, et deux \u00ab\u00a0affili\u00e9s\u00a0\u00bb qui s&rsquo;entra\u00eenent \u00e0 Saint Quentin en Yvelines&#8230;. il ne manquait que Laurent PIERRE occup\u00e9 \u00e0 une expo de mod\u00e8lisme soit 9 coureurs sur 11 ! C&rsquo;est bien normal que le CVSQ s&rsquo;adjugent la premi\u00e8re et la derni\u00e8re place \u00e0 ce compte l\u00e0 !<\/p>\n\n\n\n<p>Le message de Bernard : \u00ab\u00a0Dure journ\u00e9e, temps couvert, vent faiblard et super mal orient\u00e9. Pas moyen de faire un parcours correct, d\u00e9part tr\u00e8s b\u00e2bord, mais un peu de louvoyage quand m\u00eame. 13 courses tr\u00e8s disput\u00e9es domin\u00e9es par Quinquin.\u00a0\u00bb<\/p>\n\n\n\n<figure class=\"wp-block-image size-full\"><img fetchpriority=\"high\" decoding=\"async\" width=\"768\" height=\"308\" src=\"https:\/\/classem.org\/wp\/wp-content\/uploads\/2025\/03\/Capture-decran-du-2025-03-10-18-08-06.png\" alt=\"\" class=\"wp-image-1598\" srcset=\"https:\/\/classem.org\/wp\/wp-content\/uploads\/2025\/03\/Capture-decran-du-2025-03-10-18-08-06.png 768w, https:\/\/classem.org\/wp\/wp-content\/uploads\/2025\/03\/Capture-decran-du-2025-03-10-18-08-06-300x120.png 300w\" sizes=\"(max-width: 768px) 100vw, 768px\" \/><\/figure>\n","protected":false},"excerpt":{"rendered":"<p>Vent tr\u00e8s mal orient\u00e9, selon Bernard notre ex-secr\u00e9taire&#8230;mais tout de m\u00eame 13 manches disput\u00e9es domin\u00e9es par Quinquin qui prend ainsi sa revanche du week-end dernier o\u00f9 Erwann lui avait damer le pion \u00e0 Saint Quentin. St\u00e9phane qui retrouvait son bateau qui avait subi une avarie \u00e0 Valenciennes termine troisi\u00e8me. On notera que le CVSQ s&rsquo;est d\u00e9plac\u00e9 \u00ab\u00a0en masse\u00a0\u00bb avec 7 coureurs licenci\u00e9s, et deux \u00ab\u00a0affili\u00e9s\u00a0\u00bb qui s&rsquo;entra\u00eenent \u00e0 Saint Quentin en Yvelines&#8230;. il ne manquait que Laurent PIERRE occup\u00e9 \u00e0 une expo de mod\u00e8lisme soit 9 coureurs sur 11 ! C&rsquo;est bien normal que le CVSQ s&rsquo;adjugent la premi\u00e8re et la derni\u00e8re place \u00e0 ce compte l\u00e0 ! Le message de Bernard : \u00ab\u00a0Dure journ\u00e9e, temps couvert, vent faiblard et super mal orient\u00e9. Pas moyen de faire un parcours correct, d\u00e9part tr\u00e8s b\u00e2bord, mais un peu de louvoyage quand m\u00eame. 13 courses tr\u00e8s disput\u00e9es domin\u00e9es par Quinquin.\u00a0\u00bb<\/p>\n","protected":false},"author":2,"featured_media":0,"comment_status":"closed","ping_status":"open","sticky":false,"template":"","format":"standard","meta":{"footnotes":""},"categories":[5,10],"tags":[],"class_list":["post-1596","post","type-post","status-publish","format-standard","hentry","category-actualites","category-regate"],"_links":{"self":[{"href":"https:\/\/classem.org\/wp\/index.php?rest_route=\/wp\/v2\/posts\/1596","targetHints":{"allow":["GET"]}}],"collection":[{"href":"https:\/\/classem.org\/wp\/index.php?rest_route=\/wp\/v2\/posts"}],"about":[{"href":"https:\/\/classem.org\/wp\/index.php?rest_route=\/wp\/v2\/types\/post"}],"author":[{"embeddable":true,"href":"https:\/\/classem.org\/wp\/index.php?rest_route=\/wp\/v2\/users\/2"}],"replies":[{"embeddable":true,"href":"https:\/\/classem.org\/wp\/index.php?rest_route=%2Fwp%2Fv2%2Fcomments&post=1596"}],"version-history":[{"count":2,"href":"https:\/\/classem.org\/wp\/index.php?rest_route=\/wp\/v2\/posts\/1596\/revisions"}],"predecessor-version":[{"id":1599,"href":"https:\/\/classem.org\/wp\/index.php?rest_route=\/wp\/v2\/posts\/1596\/revisions\/1599"}],"wp:attachment":[{"href":"https:\/\/classem.org\/wp\/index.php?rest_route=%2Fwp%2Fv2%2Fmedia&parent=1596"}],"wp:term":[{"taxonomy":"category","embeddable":true,"href":"https:\/\/classem.org\/wp\/index.php?rest_route=%2Fwp%2Fv2%2Fcategories&post=1596"},{"taxonomy":"post_tag","embeddable":true,"href":"https:\/\/classem.org\/wp\/index.php?rest_route=%2Fwp%2Fv2%2Ftags&post=1596"}],"curies":[{"name":"wp","href":"https:\/\/api.w.org\/{rel}","templated":true}]}}