{"id":1600,"date":"2025-03-10T18:27:10","date_gmt":"2025-03-10T17:27:10","guid":{"rendered":"https:\/\/classem.org\/wp\/?p=1600"},"modified":"2025-03-12T21:59:03","modified_gmt":"2025-03-12T20:59:03","slug":"patrick-et-momiflette-mitraillent-a-bordeaux","status":"publish","type":"post","link":"https:\/\/classem.org\/wp\/?p=1600","title":{"rendered":"Patrick et Momiflette mitraillent \u00e0 Bordeaux !"},"content":{"rendered":"\n<p>Patrick du club de Bischheim a fait le d\u00e9placement \u00e0 Bordeaux pour accompagner son \u00ab\u00a0pote\u00a0\u00bb Marcel KRAUTH qui r\u00e9gatait dans cette belle \u00e9preuve.<\/p>\n\n\n\n<p>Il en a profit\u00e9 pour sortir son mat\u00e9riel et mitrailler l&rsquo;\u00e9preuve et les concurrents pendant que Momiflette, dans l&rsquo;eau, a fait de m\u00eame.<\/p>\n\n\n\n<figure class=\"wp-block-image size-large\"><img fetchpriority=\"high\" decoding=\"async\" width=\"1024\" height=\"683\" src=\"https:\/\/classem.org\/wp\/wp-content\/uploads\/2025\/03\/Trophee-Laurent-Gerbeaud-Bordeaux-fevrier-2025_0107-1024x683.jpg\" alt=\"\" class=\"wp-image-1602\" srcset=\"https:\/\/classem.org\/wp\/wp-content\/uploads\/2025\/03\/Trophee-Laurent-Gerbeaud-Bordeaux-fevrier-2025_0107-1024x683.jpg 1024w, https:\/\/classem.org\/wp\/wp-content\/uploads\/2025\/03\/Trophee-Laurent-Gerbeaud-Bordeaux-fevrier-2025_0107-300x200.jpg 300w, https:\/\/classem.org\/wp\/wp-content\/uploads\/2025\/03\/Trophee-Laurent-Gerbeaud-Bordeaux-fevrier-2025_0107-768x512.jpg 768w, https:\/\/classem.org\/wp\/wp-content\/uploads\/2025\/03\/Trophee-Laurent-Gerbeaud-Bordeaux-fevrier-2025_0107-1140x760.jpg 1140w, https:\/\/classem.org\/wp\/wp-content\/uploads\/2025\/03\/Trophee-Laurent-Gerbeaud-Bordeaux-fevrier-2025_0107.jpg 1344w\" sizes=\"(max-width: 1024px) 100vw, 1024px\" \/><figcaption class=\"wp-element-caption\">Appr\u00e9ciez la tenue de camouflage de Momiflette pour passer inaper\u00e7ue !<\/figcaption><\/figure>\n\n\n\n<p><\/p>\n\n\n\n<p>Le r\u00e9sultat est que nous avons deux magnifiques reportages pour couvrir cet \u00e9v\u00e8nement. Merci \u00e0 tous les deux pour le temps consacr\u00e9 ; l&rsquo;\u00e9motion de vos images est un r\u00e9gal \u00e0 partager.<\/p>\n\n\n\n<figure class=\"wp-block-image size-large\"><img decoding=\"async\" width=\"1024\" height=\"683\" src=\"https:\/\/classem.org\/wp\/wp-content\/uploads\/2025\/03\/Trophee-Laurent-Gerbeaud-Bordeaux-fevrier-2025_0083-1024x683.jpg\" alt=\"\" class=\"wp-image-1603\" srcset=\"https:\/\/classem.org\/wp\/wp-content\/uploads\/2025\/03\/Trophee-Laurent-Gerbeaud-Bordeaux-fevrier-2025_0083-1024x683.jpg 1024w, https:\/\/classem.org\/wp\/wp-content\/uploads\/2025\/03\/Trophee-Laurent-Gerbeaud-Bordeaux-fevrier-2025_0083-300x200.jpg 300w, https:\/\/classem.org\/wp\/wp-content\/uploads\/2025\/03\/Trophee-Laurent-Gerbeaud-Bordeaux-fevrier-2025_0083-768x512.jpg 768w, https:\/\/classem.org\/wp\/wp-content\/uploads\/2025\/03\/Trophee-Laurent-Gerbeaud-Bordeaux-fevrier-2025_0083-1140x760.jpg 1140w, https:\/\/classem.org\/wp\/wp-content\/uploads\/2025\/03\/Trophee-Laurent-Gerbeaud-Bordeaux-fevrier-2025_0083.jpg 1344w\" sizes=\"(max-width: 1024px) 100vw, 1024px\" \/><\/figure>\n\n\n\n<p>On peut retrouver <a href=\"https:\/\/photos.google.com\/share\/AF1QipM7O2v0t0R6F3r3IVqyDKQwpB-XW50ParMh9vNUC9IxajDkAucL3fAtBei8nRlHoQ?key=WGs3cHEzdGk5QTNVQ21Mdm9UeVBQS3o3VHlabURB\" data-type=\"link\" data-id=\"https:\/\/photos.google.com\/share\/AF1QipM7O2v0t0R6F3r3IVqyDKQwpB-XW50ParMh9vNUC9IxajDkAucL3fAtBei8nRlHoQ?key=WGs3cHEzdGk5QTNVQ21Mdm9UeVBQS3o3VHlabURB\">le reportage de Patrick ici.<\/a><\/p>\n\n\n\n<p>Et celui <a href=\"https:\/\/lemondedekiki.net\/interligue-classe-m-2025-a-bordeaux\/\" data-type=\"link\" data-id=\"https:\/\/lemondedekiki.net\/interligue-classe-m-2025-a-bordeaux\/\">de Momiflette l\u00e0.<\/a><\/p>\n\n\n\n<p>Merci \u00e0 tous les deux.<\/p>\n\n\n\n<p><\/p>\n","protected":false},"excerpt":{"rendered":"<p>Patrick du club de Bischheim a fait le d\u00e9placement \u00e0 Bordeaux pour accompagner son \u00ab\u00a0pote\u00a0\u00bb Marcel KRAUTH qui r\u00e9gatait dans cette belle \u00e9preuve. Il en a profit\u00e9 pour sortir son mat\u00e9riel et mitrailler l&rsquo;\u00e9preuve et les concurrents pendant que Momiflette, dans l&rsquo;eau, a fait de m\u00eame. Le r\u00e9sultat est que nous avons deux magnifiques reportages pour couvrir cet \u00e9v\u00e8nement. Merci \u00e0 tous les deux pour le temps consacr\u00e9 ; l&rsquo;\u00e9motion de vos images est un r\u00e9gal \u00e0 partager. On peut retrouver le reportage de Patrick ici. Et celui de Momiflette l\u00e0. Merci \u00e0 tous les deux.<\/p>\n","protected":false},"author":2,"featured_media":1601,"comment_status":"closed","ping_status":"open","sticky":false,"template":"","format":"standard","meta":{"footnotes":""},"categories":[5,10,7],"tags":[],"class_list":["post-1600","post","type-post","status-publish","format-standard","has-post-thumbnail","hentry","category-actualites","category-regate","category-reportage"],"_links":{"self":[{"href":"https:\/\/classem.org\/wp\/index.php?rest_route=\/wp\/v2\/posts\/1600","targetHints":{"allow":["GET"]}}],"collection":[{"href":"https:\/\/classem.org\/wp\/index.php?rest_route=\/wp\/v2\/posts"}],"about":[{"href":"https:\/\/classem.org\/wp\/index.php?rest_route=\/wp\/v2\/types\/post"}],"author":[{"embeddable":true,"href":"https:\/\/classem.org\/wp\/index.php?rest_route=\/wp\/v2\/users\/2"}],"replies":[{"embeddable":true,"href":"https:\/\/classem.org\/wp\/index.php?rest_route=%2Fwp%2Fv2%2Fcomments&post=1600"}],"version-history":[{"count":6,"href":"https:\/\/classem.org\/wp\/index.php?rest_route=\/wp\/v2\/posts\/1600\/revisions"}],"predecessor-version":[{"id":1609,"href":"https:\/\/classem.org\/wp\/index.php?rest_route=\/wp\/v2\/posts\/1600\/revisions\/1609"}],"wp:featuredmedia":[{"embeddable":true,"href":"https:\/\/classem.org\/wp\/index.php?rest_route=\/wp\/v2\/media\/1601"}],"wp:attachment":[{"href":"https:\/\/classem.org\/wp\/index.php?rest_route=%2Fwp%2Fv2%2Fmedia&parent=1600"}],"wp:term":[{"taxonomy":"category","embeddable":true,"href":"https:\/\/classem.org\/wp\/index.php?rest_route=%2Fwp%2Fv2%2Fcategories&post=1600"},{"taxonomy":"post_tag","embeddable":true,"href":"https:\/\/classem.org\/wp\/index.php?rest_route=%2Fwp%2Fv2%2Ftags&post=1600"}],"curies":[{"name":"wp","href":"https:\/\/api.w.org\/{rel}","templated":true}]}}