{"id":1610,"date":"2025-03-16T21:10:30","date_gmt":"2025-03-16T20:10:30","guid":{"rendered":"https:\/\/classem.org\/wp\/?p=1610"},"modified":"2025-03-18T19:32:06","modified_gmt":"2025-03-18T18:32:06","slug":"nicolas-willfert-arrache-le-breizh-dans-la-fraicheur-du-vent-du-nord","status":"publish","type":"post","link":"https:\/\/classem.org\/wp\/?p=1610","title":{"rendered":"Nicolas WILLFERT arrache le Breizh dans la fra\u00eecheur du vent du Nord&#8230;"},"content":{"rendered":"\n<p>Le vent du Nord a frigorifi\u00e9 les 20 concurrents de cette \u00e9dition de l&rsquo;EuroBreizh 2025 qui se d\u00e9roulait sur le magnifique site de la barre d&rsquo;ETEL en Bretagne sud o\u00f9 il fait plut\u00f4t doux en cette fin d&rsquo;hiver.<\/p>\n\n\n\n<figure class=\"wp-block-image size-large\"><img fetchpriority=\"high\" decoding=\"async\" width=\"461\" height=\"1024\" src=\"https:\/\/classem.org\/wp\/wp-content\/uploads\/2025\/03\/IMG-20250316-WA0002-461x1024.jpg\" alt=\"\" class=\"wp-image-1614\" srcset=\"https:\/\/classem.org\/wp\/wp-content\/uploads\/2025\/03\/IMG-20250316-WA0002-461x1024.jpg 461w, https:\/\/classem.org\/wp\/wp-content\/uploads\/2025\/03\/IMG-20250316-WA0002-135x300.jpg 135w, https:\/\/classem.org\/wp\/wp-content\/uploads\/2025\/03\/IMG-20250316-WA0002-691x1536.jpg 691w, https:\/\/classem.org\/wp\/wp-content\/uploads\/2025\/03\/IMG-20250316-WA0002.jpg 720w\" sizes=\"(max-width: 461px) 100vw, 461px\" \/><\/figure>\n\n\n\n<p>Le sympathique arbitre belge n&rsquo;a pas trop appr\u00e9ci\u00e9 le climat oc\u00e9anique et les sp\u00e9cialit\u00e9s locales. Les moules frites ok, mais les hu\u00eetres frelat\u00e9es ne passent pas !<\/p>\n\n\n\n<p>La Bretagne a produit ces fantastiques lumi\u00e8res dont elle a le secret, sous un ciel mena\u00e7ant, le soleil brille !<\/p>\n\n\n\n<figure class=\"wp-block-image size-large\"><img decoding=\"async\" width=\"576\" height=\"1024\" src=\"https:\/\/classem.org\/wp\/wp-content\/uploads\/2025\/03\/IMG-20250316-WA0000-576x1024.jpg\" alt=\"\" class=\"wp-image-1616\" srcset=\"https:\/\/classem.org\/wp\/wp-content\/uploads\/2025\/03\/IMG-20250316-WA0000-576x1024.jpg 576w, https:\/\/classem.org\/wp\/wp-content\/uploads\/2025\/03\/IMG-20250316-WA0000-169x300.jpg 169w, https:\/\/classem.org\/wp\/wp-content\/uploads\/2025\/03\/IMG-20250316-WA0000-768x1366.jpg 768w, https:\/\/classem.org\/wp\/wp-content\/uploads\/2025\/03\/IMG-20250316-WA0000-864x1536.jpg 864w, https:\/\/classem.org\/wp\/wp-content\/uploads\/2025\/03\/IMG-20250316-WA0000.jpg 899w\" sizes=\"(max-width: 576px) 100vw, 576px\" \/><figcaption class=\"wp-element-caption\">Le Breizh se d\u00e9roule en Bretagne, c&rsquo;est beau, mais&#8230; c&rsquo;est changeant !<\/figcaption><\/figure>\n\n\n\n<p>2 flottes ont \u00e9t\u00e9 \u00e9tablies et c&rsquo;est finalement sous la conduite de Gilles DI CRESCENZO qui a pris le relais au bord de l&rsquo;eau de notre malheureux arbitre, qu&rsquo;a \u00e9t\u00e9 assur\u00e9e l&rsquo;arbitrage de  l&rsquo;\u00e9preuve.<\/p>\n\n\n\n<p>Le vent soutenu a contraint les concurrents \u00e0 naviguer en jeu B tout le week-end &#8211; dans des conditions plus favorables aux GRUNGE qui aiment la pression.<\/p>\n\n\n\n<p>Pour la petite histoire, Gilles a, lui, \u00e9t\u00e9 victime d&rsquo;une infection de vert de gris qui a contamin\u00e9 tous les contacts de son \u00e9lectronique, et il a en a bav\u00e9 dans les premi\u00e8res manches au point de rendre le tablier de coureur, pour endosser sous la pression de ses amis, celui de juge arbitre ! Ce dont les autres concurrents l&rsquo;ont chaleureusement remerci\u00e9s &#8211; ils perdaient un s\u00e9rieux candidat au podium pour  gagner un excellent juge arbitre qui fait autorit\u00e9&#8230;<\/p>\n\n\n\n<figure class=\"wp-block-image size-large\"><img decoding=\"async\" width=\"1024\" height=\"768\" src=\"https:\/\/classem.org\/wp\/wp-content\/uploads\/2025\/03\/IMG-20250315-WA0003-1024x768.jpg\" alt=\"\" class=\"wp-image-1615\" srcset=\"https:\/\/classem.org\/wp\/wp-content\/uploads\/2025\/03\/IMG-20250315-WA0003-1024x768.jpg 1024w, https:\/\/classem.org\/wp\/wp-content\/uploads\/2025\/03\/IMG-20250315-WA0003-300x225.jpg 300w, https:\/\/classem.org\/wp\/wp-content\/uploads\/2025\/03\/IMG-20250315-WA0003-768x576.jpg 768w, https:\/\/classem.org\/wp\/wp-content\/uploads\/2025\/03\/IMG-20250315-WA0003-1536x1152.jpg 1536w, https:\/\/classem.org\/wp\/wp-content\/uploads\/2025\/03\/IMG-20250315-WA0003-1140x855.jpg 1140w, https:\/\/classem.org\/wp\/wp-content\/uploads\/2025\/03\/IMG-20250315-WA0003.jpg 1600w\" sizes=\"(max-width: 1024px) 100vw, 1024px\" \/><\/figure>\n\n\n\n<p>Le vent a \u00e9t\u00e9 tr\u00e8s instable, en direction et en force. Ce qui a rendu les choix tr\u00e8s compliqu\u00e9s. Le premier \u00e0 la bou\u00e9e au vent, pouvant terminer dernier&#8230; n&rsquo;est-ce pas Arnaud ! ou bien le dernier pouvait se refaire \u00e0 la faveur d&rsquo;une bascule improbable.<\/p>\n\n\n\n<p>Mais bon, au final, ce sont les meilleurs qui s&rsquo;en sortent le mieux&#8230; Il n&rsquo;y a pas de miracle.<\/p>\n\n\n\n<p>Dans ces fra\u00eeches conditions, c&rsquo;est donc logiquement le nordiste, habitu\u00e9 au verglas, qui a remport\u00e9 cette belle \u00e9preuve en confirmant la victoire qu&rsquo;il a obtenue \u00e0 Valenciennes il y a 15 jours. Nicolas est le skipper en forme en ce d\u00e9but de saison. Son beau GRUNGE bleu fait des merveilles et il a damn\u00e9 le pion \u00e0 son copain Christophe et son Express(o ?).<\/p>\n\n\n\n<p>Thomas BARBOTEAU compl\u00e8te le podium avec son Niouniou.<\/p>\n\n\n\n<p>Au passage on notera que les trois laur\u00e9ats sont du CV Bordeaux-Lac ! La razzia !<\/p>\n\n\n\n<p>Johann POULAIN qui a finalement fait la route, s&rsquo;est class\u00e9 4i\u00e8me, il peaufine ses r\u00e9glages et se pr\u00e9parent pour bien figurer au mondial qui va se disputer dans ses eaux \u00e0 St Hilaire de Riez.<\/p>\n\n\n\n<p>Christian HIVERT du SNOS a bien tir\u00e9 son \u00e9pingle du jeu \u00e9galement&#8230; toujours bien plac\u00e9 ces temps-ci&#8230;<\/p>\n\n\n\n<figure class=\"wp-block-image size-large\"><img loading=\"lazy\" decoding=\"async\" width=\"1024\" height=\"478\" src=\"https:\/\/classem.org\/wp\/wp-content\/uploads\/2025\/03\/IMG-20250316-WA0006-1024x478.jpg\" alt=\"\" class=\"wp-image-1623\" srcset=\"https:\/\/classem.org\/wp\/wp-content\/uploads\/2025\/03\/IMG-20250316-WA0006-1024x478.jpg 1024w, https:\/\/classem.org\/wp\/wp-content\/uploads\/2025\/03\/IMG-20250316-WA0006-300x140.jpg 300w, https:\/\/classem.org\/wp\/wp-content\/uploads\/2025\/03\/IMG-20250316-WA0006-768x359.jpg 768w, https:\/\/classem.org\/wp\/wp-content\/uploads\/2025\/03\/IMG-20250316-WA0006.jpg 1030w\" sizes=\"(max-width: 1024px) 100vw, 1024px\" \/><\/figure>\n\n\n\n<figure class=\"wp-block-image size-large\"><img loading=\"lazy\" decoding=\"async\" width=\"461\" height=\"1024\" src=\"https:\/\/classem.org\/wp\/wp-content\/uploads\/2025\/03\/IMG-20250316-WA0001-461x1024.jpg\" alt=\"\" class=\"wp-image-1617\" srcset=\"https:\/\/classem.org\/wp\/wp-content\/uploads\/2025\/03\/IMG-20250316-WA0001-461x1024.jpg 461w, https:\/\/classem.org\/wp\/wp-content\/uploads\/2025\/03\/IMG-20250316-WA0001-135x300.jpg 135w, https:\/\/classem.org\/wp\/wp-content\/uploads\/2025\/03\/IMG-20250316-WA0001-691x1536.jpg 691w, https:\/\/classem.org\/wp\/wp-content\/uploads\/2025\/03\/IMG-20250316-WA0001.jpg 720w\" sizes=\"(max-width: 461px) 100vw, 461px\" \/><figcaption class=\"wp-element-caption\">Qui est-ce ? Un Eurobrzeizhiste en fin d&rsquo;hiver&#8230; Notez la girouette au bout du pied !<\/figcaption><\/figure>\n\n\n\n<p>Notons la belle pr\u00e9sence du Brest Bretagne Nautique avec 5 concurrents qui est le club le plus repr\u00e9sent\u00e9 cette ann\u00e9e, bravo aux bretons du bout du finist\u00e8re !<\/p>\n\n\n\n<p>Notons aussi le bel accueil avec une restauration d\u00e9licieuse et abondante que les concurrents ont beaucoup appr\u00e9ci\u00e9. On sait recevoir en Bretagne aussi.<\/p>\n\n\n\n<p>Le classement complet :<\/p>\n\n\n\n<figure class=\"wp-block-image size-full\"><img loading=\"lazy\" decoding=\"async\" width=\"917\" height=\"495\" src=\"https:\/\/classem.org\/wp\/wp-content\/uploads\/2025\/03\/Capture-decran-du-2025-03-16-21-00-46.png\" alt=\"\" class=\"wp-image-1620\" srcset=\"https:\/\/classem.org\/wp\/wp-content\/uploads\/2025\/03\/Capture-decran-du-2025-03-16-21-00-46.png 917w, https:\/\/classem.org\/wp\/wp-content\/uploads\/2025\/03\/Capture-decran-du-2025-03-16-21-00-46-300x162.png 300w, https:\/\/classem.org\/wp\/wp-content\/uploads\/2025\/03\/Capture-decran-du-2025-03-16-21-00-46-768x415.png 768w\" sizes=\"(max-width: 917px) 100vw, 917px\" \/><\/figure>\n\n\n\n<p>Et la photo du podium :<\/p>\n\n\n\n<figure class=\"wp-block-image size-large\"><img loading=\"lazy\" decoding=\"async\" width=\"1024\" height=\"768\" src=\"https:\/\/classem.org\/wp\/wp-content\/uploads\/2025\/03\/IMG-20250316-WA0005-1024x768.jpg\" alt=\"\" class=\"wp-image-1612\" srcset=\"https:\/\/classem.org\/wp\/wp-content\/uploads\/2025\/03\/IMG-20250316-WA0005-1024x768.jpg 1024w, https:\/\/classem.org\/wp\/wp-content\/uploads\/2025\/03\/IMG-20250316-WA0005-300x225.jpg 300w, https:\/\/classem.org\/wp\/wp-content\/uploads\/2025\/03\/IMG-20250316-WA0005-768x576.jpg 768w, https:\/\/classem.org\/wp\/wp-content\/uploads\/2025\/03\/IMG-20250316-WA0005-1536x1152.jpg 1536w, https:\/\/classem.org\/wp\/wp-content\/uploads\/2025\/03\/IMG-20250316-WA0005-1140x855.jpg 1140w, https:\/\/classem.org\/wp\/wp-content\/uploads\/2025\/03\/IMG-20250316-WA0005.jpg 2000w\" sizes=\"(max-width: 1024px) 100vw, 1024px\" \/><\/figure>\n","protected":false},"excerpt":{"rendered":"<p>Le vent du Nord a frigorifi\u00e9 les 20 concurrents de cette \u00e9dition de l&rsquo;EuroBreizh 2025 qui se d\u00e9roulait sur le magnifique site de la barre d&rsquo;ETEL en Bretagne sud o\u00f9 il fait plut\u00f4t doux en cette fin d&rsquo;hiver. Le sympathique arbitre belge n&rsquo;a pas trop appr\u00e9ci\u00e9 le climat oc\u00e9anique et les sp\u00e9cialit\u00e9s locales. Les moules frites ok, mais les hu\u00eetres frelat\u00e9es ne passent pas ! La Bretagne a produit ces fantastiques lumi\u00e8res dont elle a le secret, sous un ciel mena\u00e7ant, le soleil brille ! 2 flottes ont \u00e9t\u00e9 \u00e9tablies et c&rsquo;est finalement sous la conduite de Gilles DI CRESCENZO qui a pris le relais au bord de l&rsquo;eau de notre malheureux arbitre, qu&rsquo;a \u00e9t\u00e9 assur\u00e9e l&rsquo;arbitrage de l&rsquo;\u00e9preuve. Le vent soutenu a contraint les concurrents \u00e0 naviguer en jeu B tout le week-end &#8211; dans des conditions plus favorables aux GRUNGE qui aiment la pression. Pour la petite histoire, Gilles a, lui, \u00e9t\u00e9 victime d&rsquo;une infection de vert de gris qui a contamin\u00e9 tous les contacts de son \u00e9lectronique, et il a en a bav\u00e9 dans les premi\u00e8res manches au point de rendre le tablier de coureur, pour endosser sous la pression de ses amis, celui de juge arbitre ! Ce dont les autres concurrents l&rsquo;ont chaleureusement remerci\u00e9s &#8211; ils perdaient un s\u00e9rieux candidat au podium pour gagner un excellent juge arbitre qui fait autorit\u00e9&#8230; Le vent a \u00e9t\u00e9 tr\u00e8s instable, en direction et en force. Ce qui a rendu les choix tr\u00e8s compliqu\u00e9s. Le premier \u00e0 la bou\u00e9e au vent, pouvant terminer dernier&#8230; n&rsquo;est-ce pas Arnaud ! ou bien le dernier pouvait se refaire \u00e0 la faveur d&rsquo;une bascule improbable. Mais bon, au final, ce sont les meilleurs qui s&rsquo;en sortent le mieux&#8230; Il n&rsquo;y a pas de miracle. Dans ces fra\u00eeches conditions, c&rsquo;est donc logiquement le nordiste, habitu\u00e9 au verglas, qui a remport\u00e9 cette belle \u00e9preuve en confirmant la victoire qu&rsquo;il a obtenue \u00e0 Valenciennes il y a 15 jours. Nicolas est le skipper en forme en ce d\u00e9but de saison. Son beau GRUNGE bleu fait des merveilles et il a damn\u00e9 le pion \u00e0 son copain Christophe et son Express(o ?). Thomas BARBOTEAU compl\u00e8te le podium avec son Niouniou. Au passage on notera que les trois laur\u00e9ats sont du CV Bordeaux-Lac ! La razzia ! Johann POULAIN qui a finalement fait la route, s&rsquo;est class\u00e9 4i\u00e8me, il peaufine ses r\u00e9glages et se pr\u00e9parent pour bien figurer au mondial qui va se disputer dans ses eaux \u00e0 St Hilaire de Riez. Christian HIVERT du SNOS a bien tir\u00e9 son \u00e9pingle du jeu \u00e9galement&#8230; toujours bien plac\u00e9 ces temps-ci&#8230; Notons la belle pr\u00e9sence du Brest Bretagne Nautique avec 5 concurrents qui est le club le plus repr\u00e9sent\u00e9 cette ann\u00e9e, bravo aux bretons du bout du finist\u00e8re ! Notons aussi le bel accueil avec une restauration d\u00e9licieuse et abondante que les concurrents ont beaucoup appr\u00e9ci\u00e9. On sait recevoir en Bretagne aussi. Le classement complet : Et la photo du podium :<\/p>\n","protected":false},"author":2,"featured_media":1612,"comment_status":"closed","ping_status":"open","sticky":false,"template":"","format":"standard","meta":{"footnotes":""},"categories":[5,1,10],"tags":[],"class_list":["post-1610","post","type-post","status-publish","format-standard","has-post-thumbnail","hentry","category-actualites","category-non-classe","category-regate"],"_links":{"self":[{"href":"https:\/\/classem.org\/wp\/index.php?rest_route=\/wp\/v2\/posts\/1610","targetHints":{"allow":["GET"]}}],"collection":[{"href":"https:\/\/classem.org\/wp\/index.php?rest_route=\/wp\/v2\/posts"}],"about":[{"href":"https:\/\/classem.org\/wp\/index.php?rest_route=\/wp\/v2\/types\/post"}],"author":[{"embeddable":true,"href":"https:\/\/classem.org\/wp\/index.php?rest_route=\/wp\/v2\/users\/2"}],"replies":[{"embeddable":true,"href":"https:\/\/classem.org\/wp\/index.php?rest_route=%2Fwp%2Fv2%2Fcomments&post=1610"}],"version-history":[{"count":7,"href":"https:\/\/classem.org\/wp\/index.php?rest_route=\/wp\/v2\/posts\/1610\/revisions"}],"predecessor-version":[{"id":1626,"href":"https:\/\/classem.org\/wp\/index.php?rest_route=\/wp\/v2\/posts\/1610\/revisions\/1626"}],"wp:featuredmedia":[{"embeddable":true,"href":"https:\/\/classem.org\/wp\/index.php?rest_route=\/wp\/v2\/media\/1612"}],"wp:attachment":[{"href":"https:\/\/classem.org\/wp\/index.php?rest_route=%2Fwp%2Fv2%2Fmedia&parent=1610"}],"wp:term":[{"taxonomy":"category","embeddable":true,"href":"https:\/\/classem.org\/wp\/index.php?rest_route=%2Fwp%2Fv2%2Fcategories&post=1610"},{"taxonomy":"post_tag","embeddable":true,"href":"https:\/\/classem.org\/wp\/index.php?rest_route=%2Fwp%2Fv2%2Ftags&post=1610"}],"curies":[{"name":"wp","href":"https:\/\/api.w.org\/{rel}","templated":true}]}}