{"id":1638,"date":"2025-03-25T18:33:53","date_gmt":"2025-03-25T17:33:53","guid":{"rendered":"https:\/\/classem.org\/wp\/?p=1638"},"modified":"2025-03-28T15:16:54","modified_gmt":"2025-03-28T14:16:54","slug":"timur-simpose-a-plobsheim-pour-la-regate-douverture-en-m","status":"publish","type":"post","link":"https:\/\/classem.org\/wp\/?p=1638","title":{"rendered":"Timur KISHUBATEV s&rsquo;impose \u00e0 la r\u00e9gate d&rsquo;ouverture de Plobsheim"},"content":{"rendered":"\n<p>Le temps \u00e9tait maussade, mais sans pluie avec un vent de sud-ouest qui l\u00e8ve un petit clapot quand il souffle comme dimanche 23 mars entre force 2 et 3. <\/p>\n\n\n\n<figure class=\"wp-block-image size-large\"><img fetchpriority=\"high\" decoding=\"async\" width=\"1024\" height=\"683\" src=\"https:\/\/classem.org\/wp\/wp-content\/uploads\/2025\/03\/VRC-PLOBS-20250323-9-1024x683.jpg\" alt=\"\" class=\"wp-image-1641\" srcset=\"https:\/\/classem.org\/wp\/wp-content\/uploads\/2025\/03\/VRC-PLOBS-20250323-9-1024x683.jpg 1024w, https:\/\/classem.org\/wp\/wp-content\/uploads\/2025\/03\/VRC-PLOBS-20250323-9-300x200.jpg 300w, https:\/\/classem.org\/wp\/wp-content\/uploads\/2025\/03\/VRC-PLOBS-20250323-9-768x512.jpg 768w, https:\/\/classem.org\/wp\/wp-content\/uploads\/2025\/03\/VRC-PLOBS-20250323-9-1536x1024.jpg 1536w, https:\/\/classem.org\/wp\/wp-content\/uploads\/2025\/03\/VRC-PLOBS-20250323-9-2048x1365.jpg 2048w, https:\/\/classem.org\/wp\/wp-content\/uploads\/2025\/03\/VRC-PLOBS-20250323-9-1140x760.jpg 1140w\" sizes=\"(max-width: 1024px) 100vw, 1024px\" \/><\/figure>\n\n\n\n<p>Dans ces conditions, Timur qui pilote un SKALPEL au num\u00e9ro 34 (cela rappellera des souvenirs \u00e0 certains du c\u00f4t\u00e9 de Marseille&#8230;), a \u00e9t\u00e9 le plus r\u00e9gulier. La car\u00e8ne du SKALPEL passe bien dans les vagues et le bateau, plut\u00f4t lourd, est avantag\u00e9 pour franchir le clapot.<\/p>\n\n\n\n<figure class=\"wp-block-image size-large\"><img decoding=\"async\" width=\"1024\" height=\"683\" src=\"https:\/\/classem.org\/wp\/wp-content\/uploads\/2025\/03\/VRC-PLOBS-20250323-76-1024x683.jpg\" alt=\"\" class=\"wp-image-1639\" srcset=\"https:\/\/classem.org\/wp\/wp-content\/uploads\/2025\/03\/VRC-PLOBS-20250323-76-1024x683.jpg 1024w, https:\/\/classem.org\/wp\/wp-content\/uploads\/2025\/03\/VRC-PLOBS-20250323-76-300x200.jpg 300w, https:\/\/classem.org\/wp\/wp-content\/uploads\/2025\/03\/VRC-PLOBS-20250323-76-768x512.jpg 768w, https:\/\/classem.org\/wp\/wp-content\/uploads\/2025\/03\/VRC-PLOBS-20250323-76-1536x1024.jpg 1536w, https:\/\/classem.org\/wp\/wp-content\/uploads\/2025\/03\/VRC-PLOBS-20250323-76-2048x1365.jpg 2048w, https:\/\/classem.org\/wp\/wp-content\/uploads\/2025\/03\/VRC-PLOBS-20250323-76-1140x760.jpg 1140w\" sizes=\"(max-width: 1024px) 100vw, 1024px\" \/><\/figure>\n\n\n\n<p>A l&rsquo;aff\u00fbt, les soci\u00e9taires du MYC de BISCHHEIM, ont raffl\u00e9 les 4 places suivantes avec Marcel KRAUTH qui a fait parl\u00e9 l&rsquo;exp\u00e9rience, lui qui \u00e9cume ce plan d&rsquo;eau depuis des d\u00e9cennies.<\/p>\n\n\n\n<figure class=\"wp-block-image size-large\"><img decoding=\"async\" width=\"768\" height=\"1024\" src=\"https:\/\/classem.org\/wp\/wp-content\/uploads\/2025\/03\/VRC-PLOBS-20250323-75-768x1024.jpg\" alt=\"\" class=\"wp-image-1642\" srcset=\"https:\/\/classem.org\/wp\/wp-content\/uploads\/2025\/03\/VRC-PLOBS-20250323-75-768x1024.jpg 768w, https:\/\/classem.org\/wp\/wp-content\/uploads\/2025\/03\/VRC-PLOBS-20250323-75-225x300.jpg 225w, https:\/\/classem.org\/wp\/wp-content\/uploads\/2025\/03\/VRC-PLOBS-20250323-75-1152x1536.jpg 1152w, https:\/\/classem.org\/wp\/wp-content\/uploads\/2025\/03\/VRC-PLOBS-20250323-75-1536x2048.jpg 1536w, https:\/\/classem.org\/wp\/wp-content\/uploads\/2025\/03\/VRC-PLOBS-20250323-75-1140x1520.jpg 1140w, https:\/\/classem.org\/wp\/wp-content\/uploads\/2025\/03\/VRC-PLOBS-20250323-75-scaled.jpg 1920w\" sizes=\"(max-width: 768px) 100vw, 768px\" \/><\/figure>\n\n\n\n<p><\/p>\n\n\n\n<p>16 concurrents se sont retrouv\u00e9s sur les bords du Rhin pour se disputer cette premi\u00e8re r\u00e9gate de la saison et 6 courses ont pu \u00eatre disput\u00e9es avant que le vent ne tombe compl\u00e8tement.<\/p>\n\n\n\n<figure class=\"wp-block-image size-large\"><img loading=\"lazy\" decoding=\"async\" width=\"683\" height=\"1024\" src=\"https:\/\/classem.org\/wp\/wp-content\/uploads\/2025\/03\/VRC-PLOBS-20250323-81-683x1024.jpg\" alt=\"\" class=\"wp-image-1643\" srcset=\"https:\/\/classem.org\/wp\/wp-content\/uploads\/2025\/03\/VRC-PLOBS-20250323-81-683x1024.jpg 683w, https:\/\/classem.org\/wp\/wp-content\/uploads\/2025\/03\/VRC-PLOBS-20250323-81-200x300.jpg 200w, https:\/\/classem.org\/wp\/wp-content\/uploads\/2025\/03\/VRC-PLOBS-20250323-81-768x1152.jpg 768w, https:\/\/classem.org\/wp\/wp-content\/uploads\/2025\/03\/VRC-PLOBS-20250323-81-1024x1536.jpg 1024w, https:\/\/classem.org\/wp\/wp-content\/uploads\/2025\/03\/VRC-PLOBS-20250323-81-1365x2048.jpg 1365w, https:\/\/classem.org\/wp\/wp-content\/uploads\/2025\/03\/VRC-PLOBS-20250323-81-1140x1710.jpg 1140w, https:\/\/classem.org\/wp\/wp-content\/uploads\/2025\/03\/VRC-PLOBS-20250323-81-scaled.jpg 1707w\" sizes=\"(max-width: 683px) 100vw, 683px\" \/><\/figure>\n\n\n\n<p>4 courses le matin dans un medium soutenu et puis 2 apr\u00e8s la pause d\u00e9jeuner dans un vent faiblissant.<\/p>\n\n\n\n<figure class=\"wp-block-image size-large\"><a href=\"https:\/\/photos.google.com\/share\/AF1QipOpo7Yk7YASFK5hpY9ws_pZp0u7Y8sQRlX00CR3ekGpbhBCsENv8GBhPw5qXyFLCA?key=WmNIMTFnWEZVYWZ5cDBzQlcxUTJiMmd5X1VIanhn\"><img loading=\"lazy\" decoding=\"async\" width=\"1024\" height=\"768\" src=\"https:\/\/classem.org\/wp\/wp-content\/uploads\/2025\/03\/VRC-PLOBS-20250323-106-1024x768.jpg\" alt=\"\" class=\"wp-image-1640\" srcset=\"https:\/\/classem.org\/wp\/wp-content\/uploads\/2025\/03\/VRC-PLOBS-20250323-106-1024x768.jpg 1024w, https:\/\/classem.org\/wp\/wp-content\/uploads\/2025\/03\/VRC-PLOBS-20250323-106-300x225.jpg 300w, https:\/\/classem.org\/wp\/wp-content\/uploads\/2025\/03\/VRC-PLOBS-20250323-106-768x576.jpg 768w, https:\/\/classem.org\/wp\/wp-content\/uploads\/2025\/03\/VRC-PLOBS-20250323-106-1536x1152.jpg 1536w, https:\/\/classem.org\/wp\/wp-content\/uploads\/2025\/03\/VRC-PLOBS-20250323-106-2048x1536.jpg 2048w, https:\/\/classem.org\/wp\/wp-content\/uploads\/2025\/03\/VRC-PLOBS-20250323-106-1140x855.jpg 1140w\" sizes=\"(max-width: 1024px) 100vw, 1024px\" \/><\/a><figcaption class=\"wp-element-caption\">Timur, au Centre, remporte la r\u00e9gate, Marcel \u00e0 gauche , 2 i\u00e8me, et Rapha\u00ebl, 3i\u00e8me. En cliquant sur l&rsquo;image vous acc\u00e9dez \u00e0 toutes les photos prises par St\u00e9phane PAGLIANO (merci St\u00e9phane).<\/figcaption><\/figure>\n\n\n\n<p><\/p>\n\n\n\n<figure class=\"wp-block-image size-full\"><img loading=\"lazy\" decoding=\"async\" width=\"400\" height=\"225\" src=\"https:\/\/classem.org\/wp\/wp-content\/uploads\/2025\/03\/image.png\" alt=\"\" class=\"wp-image-1652\" srcset=\"https:\/\/classem.org\/wp\/wp-content\/uploads\/2025\/03\/image.png 400w, https:\/\/classem.org\/wp\/wp-content\/uploads\/2025\/03\/image-300x169.png 300w\" sizes=\"(max-width: 400px) 100vw, 400px\" \/><\/figure>\n\n\n\n<p>La distribution des prix \u00e0 Plobsheim est bien arros\u00e9e !<\/p>\n\n\n\n<figure class=\"wp-block-image size-large\"><img loading=\"lazy\" decoding=\"async\" width=\"1024\" height=\"768\" src=\"https:\/\/classem.org\/wp\/wp-content\/uploads\/2025\/03\/VRC-PLOBS-20250323-90-1024x768.jpg\" alt=\"\" class=\"wp-image-1644\" srcset=\"https:\/\/classem.org\/wp\/wp-content\/uploads\/2025\/03\/VRC-PLOBS-20250323-90-1024x768.jpg 1024w, https:\/\/classem.org\/wp\/wp-content\/uploads\/2025\/03\/VRC-PLOBS-20250323-90-300x225.jpg 300w, https:\/\/classem.org\/wp\/wp-content\/uploads\/2025\/03\/VRC-PLOBS-20250323-90-768x576.jpg 768w, https:\/\/classem.org\/wp\/wp-content\/uploads\/2025\/03\/VRC-PLOBS-20250323-90-1536x1152.jpg 1536w, https:\/\/classem.org\/wp\/wp-content\/uploads\/2025\/03\/VRC-PLOBS-20250323-90-2048x1536.jpg 2048w, https:\/\/classem.org\/wp\/wp-content\/uploads\/2025\/03\/VRC-PLOBS-20250323-90-1140x855.jpg 1140w\" sizes=\"(max-width: 1024px) 100vw, 1024px\" \/><\/figure>\n\n\n\n<p>Et le parking est pratique pour attendre entre les courses.<\/p>\n\n\n\n<figure class=\"wp-block-image size-large\"><img loading=\"lazy\" decoding=\"async\" width=\"1024\" height=\"683\" src=\"https:\/\/classem.org\/wp\/wp-content\/uploads\/2025\/03\/VRC-PLOBS-20250323-6-1024x683.jpg\" alt=\"\" class=\"wp-image-1645\" srcset=\"https:\/\/classem.org\/wp\/wp-content\/uploads\/2025\/03\/VRC-PLOBS-20250323-6-1024x683.jpg 1024w, https:\/\/classem.org\/wp\/wp-content\/uploads\/2025\/03\/VRC-PLOBS-20250323-6-300x200.jpg 300w, https:\/\/classem.org\/wp\/wp-content\/uploads\/2025\/03\/VRC-PLOBS-20250323-6-768x512.jpg 768w, https:\/\/classem.org\/wp\/wp-content\/uploads\/2025\/03\/VRC-PLOBS-20250323-6-1536x1024.jpg 1536w, https:\/\/classem.org\/wp\/wp-content\/uploads\/2025\/03\/VRC-PLOBS-20250323-6-2048x1365.jpg 2048w, https:\/\/classem.org\/wp\/wp-content\/uploads\/2025\/03\/VRC-PLOBS-20250323-6-1140x760.jpg 1140w\" sizes=\"(max-width: 1024px) 100vw, 1024px\" \/><\/figure>\n\n\n\n<p>Belle organisation assur\u00e9e par les piliers de l&rsquo;ACAL, et l&rsquo;\u00e9quipe des arbitres, comit\u00e9 de course, mouilleurs, une \u00e9quipe de choc.<\/p>\n\n\n\n<figure class=\"wp-block-image size-large\"><img loading=\"lazy\" decoding=\"async\" width=\"1024\" height=\"768\" src=\"https:\/\/classem.org\/wp\/wp-content\/uploads\/2025\/03\/VRC-PLOBS-20250323-68-1024x768.jpg\" alt=\"\" class=\"wp-image-1646\" srcset=\"https:\/\/classem.org\/wp\/wp-content\/uploads\/2025\/03\/VRC-PLOBS-20250323-68-1024x768.jpg 1024w, https:\/\/classem.org\/wp\/wp-content\/uploads\/2025\/03\/VRC-PLOBS-20250323-68-300x225.jpg 300w, https:\/\/classem.org\/wp\/wp-content\/uploads\/2025\/03\/VRC-PLOBS-20250323-68-768x576.jpg 768w, https:\/\/classem.org\/wp\/wp-content\/uploads\/2025\/03\/VRC-PLOBS-20250323-68-1536x1152.jpg 1536w, https:\/\/classem.org\/wp\/wp-content\/uploads\/2025\/03\/VRC-PLOBS-20250323-68-2048x1536.jpg 2048w, https:\/\/classem.org\/wp\/wp-content\/uploads\/2025\/03\/VRC-PLOBS-20250323-68-1140x855.jpg 1140w\" sizes=\"(max-width: 1024px) 100vw, 1024px\" \/><\/figure>\n\n\n\n<p>Merci pour le reportage transmis par Philippe et r\u00e9alis\u00e9 par la famille PAGLIANO.<\/p>\n\n\n\n<figure class=\"wp-block-image size-large\"><img loading=\"lazy\" decoding=\"async\" width=\"1024\" height=\"683\" src=\"https:\/\/classem.org\/wp\/wp-content\/uploads\/2025\/03\/VRC-PLOBS-20250323-104-1024x683.jpg\" alt=\"\" class=\"wp-image-1649\" srcset=\"https:\/\/classem.org\/wp\/wp-content\/uploads\/2025\/03\/VRC-PLOBS-20250323-104-1024x683.jpg 1024w, https:\/\/classem.org\/wp\/wp-content\/uploads\/2025\/03\/VRC-PLOBS-20250323-104-300x200.jpg 300w, https:\/\/classem.org\/wp\/wp-content\/uploads\/2025\/03\/VRC-PLOBS-20250323-104-768x512.jpg 768w, https:\/\/classem.org\/wp\/wp-content\/uploads\/2025\/03\/VRC-PLOBS-20250323-104-1536x1024.jpg 1536w, https:\/\/classem.org\/wp\/wp-content\/uploads\/2025\/03\/VRC-PLOBS-20250323-104-2048x1365.jpg 2048w, https:\/\/classem.org\/wp\/wp-content\/uploads\/2025\/03\/VRC-PLOBS-20250323-104-1140x760.jpg 1140w\" sizes=\"(max-width: 1024px) 100vw, 1024px\" \/><figcaption class=\"wp-element-caption\">Philippe BLANCHARD, un des piliers de l&rsquo;ACAL, le club organisateur, qui m&rsquo;a transmis toutes les infos et les photos. Merci Philippe.<\/figcaption><\/figure>\n\n\n\n<p>Pause pipi !<\/p>\n\n\n\n<figure class=\"wp-block-image size-large\"><img loading=\"lazy\" decoding=\"async\" width=\"1024\" height=\"768\" src=\"https:\/\/classem.org\/wp\/wp-content\/uploads\/2025\/03\/VRC-PLOBS-20250323-77-1024x768.jpg\" alt=\"\" class=\"wp-image-1647\" srcset=\"https:\/\/classem.org\/wp\/wp-content\/uploads\/2025\/03\/VRC-PLOBS-20250323-77-1024x768.jpg 1024w, https:\/\/classem.org\/wp\/wp-content\/uploads\/2025\/03\/VRC-PLOBS-20250323-77-300x225.jpg 300w, https:\/\/classem.org\/wp\/wp-content\/uploads\/2025\/03\/VRC-PLOBS-20250323-77-768x576.jpg 768w, https:\/\/classem.org\/wp\/wp-content\/uploads\/2025\/03\/VRC-PLOBS-20250323-77-1536x1152.jpg 1536w, https:\/\/classem.org\/wp\/wp-content\/uploads\/2025\/03\/VRC-PLOBS-20250323-77-2048x1536.jpg 2048w, https:\/\/classem.org\/wp\/wp-content\/uploads\/2025\/03\/VRC-PLOBS-20250323-77-1140x855.jpg 1140w\" sizes=\"(max-width: 1024px) 100vw, 1024px\" \/><figcaption class=\"wp-element-caption\">Ce classe M en pleine op\u00e9ration vidange&#8230;<\/figcaption><\/figure>\n\n\n\n<p>La prime du d\u00e9cor pour un SKALPEL !<\/p>\n\n\n\n<figure class=\"wp-block-image size-large\"><img loading=\"lazy\" decoding=\"async\" width=\"1024\" height=\"683\" src=\"https:\/\/classem.org\/wp\/wp-content\/uploads\/2025\/03\/VRC-PLOBS-20250323-60-1024x683.jpg\" alt=\"\" class=\"wp-image-1648\" srcset=\"https:\/\/classem.org\/wp\/wp-content\/uploads\/2025\/03\/VRC-PLOBS-20250323-60-1024x683.jpg 1024w, https:\/\/classem.org\/wp\/wp-content\/uploads\/2025\/03\/VRC-PLOBS-20250323-60-300x200.jpg 300w, https:\/\/classem.org\/wp\/wp-content\/uploads\/2025\/03\/VRC-PLOBS-20250323-60-768x512.jpg 768w, https:\/\/classem.org\/wp\/wp-content\/uploads\/2025\/03\/VRC-PLOBS-20250323-60-1536x1024.jpg 1536w, https:\/\/classem.org\/wp\/wp-content\/uploads\/2025\/03\/VRC-PLOBS-20250323-60-2048x1365.jpg 2048w, https:\/\/classem.org\/wp\/wp-content\/uploads\/2025\/03\/VRC-PLOBS-20250323-60-1140x760.jpg 1140w\" sizes=\"(max-width: 1024px) 100vw, 1024px\" \/><figcaption class=\"wp-element-caption\">Le plus beau Skalpel naviguant, s\u00fbrement, tr\u00e8s joliment d\u00e9cor\u00e9.<\/figcaption><\/figure>\n\n\n\n<p>A l&rsquo;ann\u00e9e prochaine.<\/p>\n\n\n\n<figure class=\"wp-block-image size-large\"><img loading=\"lazy\" decoding=\"async\" width=\"1024\" height=\"683\" src=\"https:\/\/classem.org\/wp\/wp-content\/uploads\/2025\/03\/VRC-PLOBS-20250323-79-1024x683.jpg\" alt=\"\" class=\"wp-image-1650\" srcset=\"https:\/\/classem.org\/wp\/wp-content\/uploads\/2025\/03\/VRC-PLOBS-20250323-79-1024x683.jpg 1024w, https:\/\/classem.org\/wp\/wp-content\/uploads\/2025\/03\/VRC-PLOBS-20250323-79-300x200.jpg 300w, https:\/\/classem.org\/wp\/wp-content\/uploads\/2025\/03\/VRC-PLOBS-20250323-79-768x512.jpg 768w, https:\/\/classem.org\/wp\/wp-content\/uploads\/2025\/03\/VRC-PLOBS-20250323-79-1536x1024.jpg 1536w, https:\/\/classem.org\/wp\/wp-content\/uploads\/2025\/03\/VRC-PLOBS-20250323-79-2048x1365.jpg 2048w, https:\/\/classem.org\/wp\/wp-content\/uploads\/2025\/03\/VRC-PLOBS-20250323-79-1140x760.jpg 1140w\" sizes=\"(max-width: 1024px) 100vw, 1024px\" \/><\/figure>\n","protected":false},"excerpt":{"rendered":"<p>Le temps \u00e9tait maussade, mais sans pluie avec un vent de sud-ouest qui l\u00e8ve un petit clapot quand il souffle comme dimanche 23 mars entre force 2 et 3. Dans ces conditions, Timur qui pilote un SKALPEL au num\u00e9ro 34 (cela rappellera des souvenirs \u00e0 certains du c\u00f4t\u00e9 de Marseille&#8230;), a \u00e9t\u00e9 le plus r\u00e9gulier. La car\u00e8ne du SKALPEL passe bien dans les vagues et le bateau, plut\u00f4t lourd, est avantag\u00e9 pour franchir le clapot. A l&rsquo;aff\u00fbt, les soci\u00e9taires du MYC de BISCHHEIM, ont raffl\u00e9 les 4 places suivantes avec Marcel KRAUTH qui a fait parl\u00e9 l&rsquo;exp\u00e9rience, lui qui \u00e9cume ce plan d&rsquo;eau depuis des d\u00e9cennies. 16 concurrents se sont retrouv\u00e9s sur les bords du Rhin pour se disputer cette premi\u00e8re r\u00e9gate de la saison et 6 courses ont pu \u00eatre disput\u00e9es avant que le vent ne tombe compl\u00e8tement. 4 courses le matin dans un medium soutenu et puis 2 apr\u00e8s la pause d\u00e9jeuner dans un vent faiblissant. La distribution des prix \u00e0 Plobsheim est bien arros\u00e9e ! Et le parking est pratique pour attendre entre les courses. Belle organisation assur\u00e9e par les piliers de l&rsquo;ACAL, et l&rsquo;\u00e9quipe des arbitres, comit\u00e9 de course, mouilleurs, une \u00e9quipe de choc. Merci pour le reportage transmis par Philippe et r\u00e9alis\u00e9 par la famille PAGLIANO. Pause pipi ! La prime du d\u00e9cor pour un SKALPEL ! A l&rsquo;ann\u00e9e prochaine.<\/p>\n","protected":false},"author":2,"featured_media":1639,"comment_status":"closed","ping_status":"open","sticky":false,"template":"","format":"standard","meta":{"footnotes":""},"categories":[5,10],"tags":[],"class_list":["post-1638","post","type-post","status-publish","format-standard","has-post-thumbnail","hentry","category-actualites","category-regate"],"_links":{"self":[{"href":"https:\/\/classem.org\/wp\/index.php?rest_route=\/wp\/v2\/posts\/1638","targetHints":{"allow":["GET"]}}],"collection":[{"href":"https:\/\/classem.org\/wp\/index.php?rest_route=\/wp\/v2\/posts"}],"about":[{"href":"https:\/\/classem.org\/wp\/index.php?rest_route=\/wp\/v2\/types\/post"}],"author":[{"embeddable":true,"href":"https:\/\/classem.org\/wp\/index.php?rest_route=\/wp\/v2\/users\/2"}],"replies":[{"embeddable":true,"href":"https:\/\/classem.org\/wp\/index.php?rest_route=%2Fwp%2Fv2%2Fcomments&post=1638"}],"version-history":[{"count":6,"href":"https:\/\/classem.org\/wp\/index.php?rest_route=\/wp\/v2\/posts\/1638\/revisions"}],"predecessor-version":[{"id":1663,"href":"https:\/\/classem.org\/wp\/index.php?rest_route=\/wp\/v2\/posts\/1638\/revisions\/1663"}],"wp:featuredmedia":[{"embeddable":true,"href":"https:\/\/classem.org\/wp\/index.php?rest_route=\/wp\/v2\/media\/1639"}],"wp:attachment":[{"href":"https:\/\/classem.org\/wp\/index.php?rest_route=%2Fwp%2Fv2%2Fmedia&parent=1638"}],"wp:term":[{"taxonomy":"category","embeddable":true,"href":"https:\/\/classem.org\/wp\/index.php?rest_route=%2Fwp%2Fv2%2Fcategories&post=1638"},{"taxonomy":"post_tag","embeddable":true,"href":"https:\/\/classem.org\/wp\/index.php?rest_route=%2Fwp%2Fv2%2Ftags&post=1638"}],"curies":[{"name":"wp","href":"https:\/\/api.w.org\/{rel}","templated":true}]}}