{"id":1668,"date":"2025-04-09T09:23:44","date_gmt":"2025-04-09T07:23:44","guid":{"rendered":"https:\/\/classem.org\/wp\/?p=1668"},"modified":"2025-04-09T09:45:49","modified_gmt":"2025-04-09T07:45:49","slug":"belle-journee-ensoleillee-au-bois-jaland-a-st-naz-ou-johan-poulain-remporte-la-regate-de-10r","status":"publish","type":"post","link":"https:\/\/classem.org\/wp\/?p=1668","title":{"rendered":"Belle journ\u00e9e ensoleill\u00e9e au bois JOALLAND \u00e0 St Naz&rsquo; o\u00f9 Johan POULAIN remporte la r\u00e9gate de 10R&#8230;"},"content":{"rendered":"\n<p>Quel temps ! On n&rsquo;avait pas eu un tel soleil et pas de pluie depuis des mois ! Le vent \u00e9tait l\u00e0 de plus, un peu instable en direction, puis en force, mais les 11 skippers qui ont particip\u00e9 \u00e0 cette r\u00e9gate sur une journ\u00e9e ont bien appr\u00e9ci\u00e9.<\/p>\n\n\n\n<figure class=\"wp-block-image size-large\"><img fetchpriority=\"high\" decoding=\"async\" width=\"768\" height=\"1024\" src=\"https:\/\/classem.org\/wp\/wp-content\/uploads\/2025\/04\/IMG-20250405-WA0009-768x1024.jpg\" alt=\"\" class=\"wp-image-1669\" srcset=\"https:\/\/classem.org\/wp\/wp-content\/uploads\/2025\/04\/IMG-20250405-WA0009-768x1024.jpg 768w, https:\/\/classem.org\/wp\/wp-content\/uploads\/2025\/04\/IMG-20250405-WA0009-225x300.jpg 225w, https:\/\/classem.org\/wp\/wp-content\/uploads\/2025\/04\/IMG-20250405-WA0009-1152x1536.jpg 1152w, https:\/\/classem.org\/wp\/wp-content\/uploads\/2025\/04\/IMG-20250405-WA0009-1140x1520.jpg 1140w, https:\/\/classem.org\/wp\/wp-content\/uploads\/2025\/04\/IMG-20250405-WA0009.jpg 1536w\" sizes=\"(max-width: 768px) 100vw, 768px\" \/><figcaption class=\"wp-element-caption\">Johan au centre, 1er, Ludovic \u00e0 gauche, 2i\u00e8me, et Thomas \u00e0 droite, 3i\u00e8me. Eux, ils sont pr\u00eats !<\/figcaption><\/figure>\n\n\n\n<p>C&rsquo;\u00e9tait l&rsquo;occasion, la derni\u00e8re, de parfaire ses r\u00e9glages et de pr\u00e9parer son mat\u00e9riel avant le mondial qui se tiendra \u00e0 la fin du mois \u00e0 Saint Hilaire.<\/p>\n\n\n\n<p>Gr\u00e9ement A \u00ab\u00a0lourd\u00a0\u00bb pour commencer la journ\u00e9e le matin, puis dans l&rsquo;apr\u00e8s-midi, le vent a faibli et la flotte est pass\u00e9e en A \u00ab\u00a0l\u00e9ger\u00a0\u00bb pour continuer jusqu&rsquo;\u00e0 ce que le vent tombe compl\u00e8tement, mettant fin aux courses du jour.<\/p>\n\n\n\n<figure class=\"wp-block-image size-large\"><img decoding=\"async\" width=\"1024\" height=\"768\" src=\"https:\/\/classem.org\/wp\/wp-content\/uploads\/2025\/04\/IMG-20250405-WA0000-1024x768.jpg\" alt=\"\" class=\"wp-image-1670\" srcset=\"https:\/\/classem.org\/wp\/wp-content\/uploads\/2025\/04\/IMG-20250405-WA0000-1024x768.jpg 1024w, https:\/\/classem.org\/wp\/wp-content\/uploads\/2025\/04\/IMG-20250405-WA0000-300x225.jpg 300w, https:\/\/classem.org\/wp\/wp-content\/uploads\/2025\/04\/IMG-20250405-WA0000-768x576.jpg 768w, https:\/\/classem.org\/wp\/wp-content\/uploads\/2025\/04\/IMG-20250405-WA0000-1536x1152.jpg 1536w, https:\/\/classem.org\/wp\/wp-content\/uploads\/2025\/04\/IMG-20250405-WA0000-1140x855.jpg 1140w, https:\/\/classem.org\/wp\/wp-content\/uploads\/2025\/04\/IMG-20250405-WA0000.jpg 2048w\" sizes=\"(max-width: 1024px) 100vw, 1024px\" \/><figcaption class=\"wp-element-caption\">Le tout nouveau 10R de Thomas en carbone INEGRA, magnifique, qui finit 3i\u00e8me.<\/figcaption><\/figure>\n\n\n\n<p>Johan est fin pr\u00eat, lui dont le club va recevoir le Mondial de la s\u00e9rie dans quelques jours, il remporte logiquement l&rsquo;\u00e9preuve devant le local, Ludovic ATHENOUR, notre tr\u00e9sorier bien aim\u00e9.<\/p>\n\n\n\n<p>Il faut noter la belle 4i\u00e8me place de Gwena\u00ebl TISSIER qui a r\u00e9cemment acquis un KAMSIN pr\u00e9par\u00e9 de fa\u00e7on efficace par Yves GIROD \u00e0 Quimperl\u00e9.<\/p>\n\n\n\n<p>Belle organisation sur l&rsquo;eau men\u00e9e par toute l&rsquo;\u00e9quipe tr\u00e8s sympathique du SNOS. A refaire avec plus de skippers la prochaine fois&#8230;<\/p>\n\n\n\n<figure class=\"wp-block-image size-full\"><img decoding=\"async\" width=\"659\" height=\"316\" src=\"https:\/\/classem.org\/wp\/wp-content\/uploads\/2025\/04\/image.png\" alt=\"\" class=\"wp-image-1673\" srcset=\"https:\/\/classem.org\/wp\/wp-content\/uploads\/2025\/04\/image.png 659w, https:\/\/classem.org\/wp\/wp-content\/uploads\/2025\/04\/image-300x144.png 300w\" sizes=\"(max-width: 659px) 100vw, 659px\" \/><\/figure>\n","protected":false},"excerpt":{"rendered":"<p>Quel temps ! On n&rsquo;avait pas eu un tel soleil et pas de pluie depuis des mois ! Le vent \u00e9tait l\u00e0 de plus, un peu instable en direction, puis en force, mais les 11 skippers qui ont particip\u00e9 \u00e0 cette r\u00e9gate sur une journ\u00e9e ont bien appr\u00e9ci\u00e9. C&rsquo;\u00e9tait l&rsquo;occasion, la derni\u00e8re, de parfaire ses r\u00e9glages et de pr\u00e9parer son mat\u00e9riel avant le mondial qui se tiendra \u00e0 la fin du mois \u00e0 Saint Hilaire. Gr\u00e9ement A \u00ab\u00a0lourd\u00a0\u00bb pour commencer la journ\u00e9e le matin, puis dans l&rsquo;apr\u00e8s-midi, le vent a faibli et la flotte est pass\u00e9e en A \u00ab\u00a0l\u00e9ger\u00a0\u00bb pour continuer jusqu&rsquo;\u00e0 ce que le vent tombe compl\u00e8tement, mettant fin aux courses du jour. Johan est fin pr\u00eat, lui dont le club va recevoir le Mondial de la s\u00e9rie dans quelques jours, il remporte logiquement l&rsquo;\u00e9preuve devant le local, Ludovic ATHENOUR, notre tr\u00e9sorier bien aim\u00e9. Il faut noter la belle 4i\u00e8me place de Gwena\u00ebl TISSIER qui a r\u00e9cemment acquis un KAMSIN pr\u00e9par\u00e9 de fa\u00e7on efficace par Yves GIROD \u00e0 Quimperl\u00e9. Belle organisation sur l&rsquo;eau men\u00e9e par toute l&rsquo;\u00e9quipe tr\u00e8s sympathique du SNOS. A refaire avec plus de skippers la prochaine fois&#8230;<\/p>\n","protected":false},"author":2,"featured_media":1669,"comment_status":"closed","ping_status":"open","sticky":false,"template":"","format":"standard","meta":{"footnotes":""},"categories":[5,10],"tags":[],"class_list":["post-1668","post","type-post","status-publish","format-standard","has-post-thumbnail","hentry","category-actualites","category-regate"],"_links":{"self":[{"href":"https:\/\/classem.org\/wp\/index.php?rest_route=\/wp\/v2\/posts\/1668","targetHints":{"allow":["GET"]}}],"collection":[{"href":"https:\/\/classem.org\/wp\/index.php?rest_route=\/wp\/v2\/posts"}],"about":[{"href":"https:\/\/classem.org\/wp\/index.php?rest_route=\/wp\/v2\/types\/post"}],"author":[{"embeddable":true,"href":"https:\/\/classem.org\/wp\/index.php?rest_route=\/wp\/v2\/users\/2"}],"replies":[{"embeddable":true,"href":"https:\/\/classem.org\/wp\/index.php?rest_route=%2Fwp%2Fv2%2Fcomments&post=1668"}],"version-history":[{"count":4,"href":"https:\/\/classem.org\/wp\/index.php?rest_route=\/wp\/v2\/posts\/1668\/revisions"}],"predecessor-version":[{"id":1677,"href":"https:\/\/classem.org\/wp\/index.php?rest_route=\/wp\/v2\/posts\/1668\/revisions\/1677"}],"wp:featuredmedia":[{"embeddable":true,"href":"https:\/\/classem.org\/wp\/index.php?rest_route=\/wp\/v2\/media\/1669"}],"wp:attachment":[{"href":"https:\/\/classem.org\/wp\/index.php?rest_route=%2Fwp%2Fv2%2Fmedia&parent=1668"}],"wp:term":[{"taxonomy":"category","embeddable":true,"href":"https:\/\/classem.org\/wp\/index.php?rest_route=%2Fwp%2Fv2%2Fcategories&post=1668"},{"taxonomy":"post_tag","embeddable":true,"href":"https:\/\/classem.org\/wp\/index.php?rest_route=%2Fwp%2Fv2%2Ftags&post=1668"}],"curies":[{"name":"wp","href":"https:\/\/api.w.org\/{rel}","templated":true}]}}