{"id":1686,"date":"2025-04-15T13:10:31","date_gmt":"2025-04-15T11:10:31","guid":{"rendered":"https:\/\/classem.org\/wp\/?p=1686"},"modified":"2025-04-15T13:20:19","modified_gmt":"2025-04-15T11:20:19","slug":"roland-haenel-simpose-a-la-regate-douverture-au-plan-deau-de-bischheim-le-printemps-du-m","status":"publish","type":"post","link":"https:\/\/classem.org\/wp\/?p=1686","title":{"rendered":"Roland HAENEL s\u2019impose \u00e0 la r\u00e9gate d\u2019ouverture au plan d&rsquo;eau de Bischheim \u00ab\u00a0Le printemps du M\u00a0\u00bb"},"content":{"rendered":"\n<p>M\u00eame si la pluie nous a fait peur le matin, au moins le soleil \u00e9tait au rendez-vous l&rsquo;apr\u00e8s-midi avec 20\u00b0&#8230; Vent du sud &#8211; sud-ouest tournoyant et de puissance variable&#8230; le matin Vent de 5 \u00e0 10 km\/h avec rafales 25 km\/h&#8230; apr\u00e8s la pause, le vent a forci un peu avec Vent 15 km\/h et rafales 35 km\/h.<\/p>\n\n\n\n<figure class=\"wp-block-image size-large\"><img fetchpriority=\"high\" decoding=\"async\" width=\"1024\" height=\"576\" src=\"https:\/\/classem.org\/wp\/wp-content\/uploads\/2025\/04\/CLM_-Bischheim_-13_-avril_-2025_071-1024x576.jpg\" alt=\"\" class=\"wp-image-1690\" srcset=\"https:\/\/classem.org\/wp\/wp-content\/uploads\/2025\/04\/CLM_-Bischheim_-13_-avril_-2025_071-1024x576.jpg 1024w, https:\/\/classem.org\/wp\/wp-content\/uploads\/2025\/04\/CLM_-Bischheim_-13_-avril_-2025_071-300x169.jpg 300w, https:\/\/classem.org\/wp\/wp-content\/uploads\/2025\/04\/CLM_-Bischheim_-13_-avril_-2025_071-768x432.jpg 768w, https:\/\/classem.org\/wp\/wp-content\/uploads\/2025\/04\/CLM_-Bischheim_-13_-avril_-2025_071-1536x864.jpg 1536w, https:\/\/classem.org\/wp\/wp-content\/uploads\/2025\/04\/CLM_-Bischheim_-13_-avril_-2025_071-1140x641.jpg 1140w, https:\/\/classem.org\/wp\/wp-content\/uploads\/2025\/04\/CLM_-Bischheim_-13_-avril_-2025_071.jpg 1563w\" sizes=\"(max-width: 1024px) 100vw, 1024px\" \/><\/figure>\n\n\n\n<p>Les skippers, ils \u00e9taient 16 inscrits, sont venus d\u2019Allemagne (5), d\u2019Alsace de Bischheim (7), de Lorraine, Nancy (4)<br>Les M en pr\u00e9sence : un Tramontane (le vainqueur) \u2013 un Sisco (2\u00e8me) &#8211; un Paradox (3\u00e8me) \u2013 Nioutram \u2013 Indie &#8211; Skalpel \u2013 Etc&#8230;\u00a0 de bons bateaux dans l&rsquo;ensemble\u202f!<\/p>\n\n\n\n<p>11 courses ont \u00e9t\u00e9 disput\u00e9es sur des parcours construits de 10h00 \u00e0 16h00 (avec pause midi pour partager une collation au bord de l\u2019eau)<br>R\u00e9gates, arbitrage, jugement direct, pas d\u2019incidents notables&#8230;<\/p>\n\n\n\n<figure class=\"wp-block-image size-large\"><img decoding=\"async\" width=\"1024\" height=\"576\" src=\"https:\/\/classem.org\/wp\/wp-content\/uploads\/2025\/04\/CLM_-Bischheim_-13_-avril_-2025_061-1024x576.jpg\" alt=\"\" class=\"wp-image-1691\" srcset=\"https:\/\/classem.org\/wp\/wp-content\/uploads\/2025\/04\/CLM_-Bischheim_-13_-avril_-2025_061-1024x576.jpg 1024w, https:\/\/classem.org\/wp\/wp-content\/uploads\/2025\/04\/CLM_-Bischheim_-13_-avril_-2025_061-300x169.jpg 300w, https:\/\/classem.org\/wp\/wp-content\/uploads\/2025\/04\/CLM_-Bischheim_-13_-avril_-2025_061-768x432.jpg 768w, https:\/\/classem.org\/wp\/wp-content\/uploads\/2025\/04\/CLM_-Bischheim_-13_-avril_-2025_061-1536x864.jpg 1536w, https:\/\/classem.org\/wp\/wp-content\/uploads\/2025\/04\/CLM_-Bischheim_-13_-avril_-2025_061-1140x641.jpg 1140w, https:\/\/classem.org\/wp\/wp-content\/uploads\/2025\/04\/CLM_-Bischheim_-13_-avril_-2025_061.jpg 1563w\" sizes=\"(max-width: 1024px) 100vw, 1024px\" \/><\/figure>\n\n\n\n<p>Bravo aux skippers du MYCB qui se sont battus comme des lions pour finir aux 3 premi\u00e8res places et repousser les assauts de nos amis lorrains et allemands&#8230; notre ami Marcel KRAUTH, f\u00e9brile, a tenu le coup de justesse jusqu&rsquo;\u00e0 la derni\u00e8re manche&#8230; on lui souhaite un bon r\u00e9tablissement.<\/p>\n\n\n\n<p>Voici le podium :<br>&#8211; HAENEL Roland du Mod\u00e8le Yacht Club de Bischheim prend la 1\u00e8re place,<br>suivi de EYDER Rapha\u00ebl 2\u00e8me, du Mod\u00e8le Yacht Club de Bischheim<br>et enfin la 3\u00e8me place, SCHNEIDER Joseph&nbsp; du Mod\u00e8le Yacht Club de Bischheim<\/p>\n\n\n\n<figure class=\"wp-block-image size-large\"><a href=\"https:\/\/photos.google.com\/share\/AF1QipMG5FokJuJBrjofeuXU3we0DMEpPJOD321Vk6nFp4pmQ_BSwZVXSzDoUo7urq6PnQ?key=SnB1RExVa3VZVURkdEpSbmxScHlHb3VEMmQ0OFB3\"><img decoding=\"async\" width=\"1024\" height=\"769\" src=\"https:\/\/classem.org\/wp\/wp-content\/uploads\/2025\/04\/CLM_-Bischheim_-13_-avril_-2025_0037-1024x769.jpg\" alt=\"\" class=\"wp-image-1688\" srcset=\"https:\/\/classem.org\/wp\/wp-content\/uploads\/2025\/04\/CLM_-Bischheim_-13_-avril_-2025_0037-1024x769.jpg 1024w, https:\/\/classem.org\/wp\/wp-content\/uploads\/2025\/04\/CLM_-Bischheim_-13_-avril_-2025_0037-300x225.jpg 300w, https:\/\/classem.org\/wp\/wp-content\/uploads\/2025\/04\/CLM_-Bischheim_-13_-avril_-2025_0037-768x576.jpg 768w, https:\/\/classem.org\/wp\/wp-content\/uploads\/2025\/04\/CLM_-Bischheim_-13_-avril_-2025_0037-1140x856.jpg 1140w, https:\/\/classem.org\/wp\/wp-content\/uploads\/2025\/04\/CLM_-Bischheim_-13_-avril_-2025_0037.jpg 1171w\" sizes=\"(max-width: 1024px) 100vw, 1024px\" \/><\/a><\/figure>\n\n\n\n<p>Comme \u00e0 l\u2019accoutum\u00e9e, apr\u00e8s la remise des prix et un dernier d\u00e9briefing, c&rsquo;est autour du verre de l&rsquo;amiti\u00e9 et de tr\u00e8s bons g\u00e2teaux fait maison par nos p\u00e2tissi\u00e8res&#8230;que tout le monde se quitte dans la bonne humeur et on se donne rendez-vous pour les prochaines r\u00e9gates \u00e0 Nancy pour fin avril et d\u00e9but mai\u2026<\/p>\n\n\n\n<p>Quelques images de la r\u00e9gate en cliquant dans <a href=\"https:\/\/photos.google.com\/share\/AF1QipMG5FokJuJBrjofeuXU3we0DMEpPJOD321Vk6nFp4pmQ_BSwZVXSzDoUo7urq6PnQ?key=SnB1RExVa3VZVURkdEpSbmxScHlHb3VEMmQ0OFB3\">l&rsquo;image des winners<\/a> (<a href=\"https:\/\/www.mycb-67.fr\/\">page d&rsquo;accueil du MYCB<\/a>).<\/p>\n\n\n\n<p><\/p>\n","protected":false},"excerpt":{"rendered":"<p>M\u00eame si la pluie nous a fait peur le matin, au moins le soleil \u00e9tait au rendez-vous l&rsquo;apr\u00e8s-midi avec 20\u00b0&#8230; Vent du sud &#8211; sud-ouest tournoyant et de puissance variable&#8230; le matin Vent de 5 \u00e0 10 km\/h avec rafales 25 km\/h&#8230; apr\u00e8s la pause, le vent a forci un peu avec Vent 15 km\/h et rafales 35 km\/h. Les skippers, ils \u00e9taient 16 inscrits, sont venus d\u2019Allemagne (5), d\u2019Alsace de Bischheim (7), de Lorraine, Nancy (4)Les M en pr\u00e9sence : un Tramontane (le vainqueur) \u2013 un Sisco (2\u00e8me) &#8211; un Paradox (3\u00e8me) \u2013 Nioutram \u2013 Indie &#8211; Skalpel \u2013 Etc&#8230;\u00a0 de bons bateaux dans l&rsquo;ensemble\u202f! 11 courses ont \u00e9t\u00e9 disput\u00e9es sur des parcours construits de 10h00 \u00e0 16h00 (avec pause midi pour partager une collation au bord de l\u2019eau)R\u00e9gates, arbitrage, jugement direct, pas d\u2019incidents notables&#8230; Bravo aux skippers du MYCB qui se sont battus comme des lions pour finir aux 3 premi\u00e8res places et repousser les assauts de nos amis lorrains et allemands&#8230; notre ami Marcel KRAUTH, f\u00e9brile, a tenu le coup de justesse jusqu&rsquo;\u00e0 la derni\u00e8re manche&#8230; on lui souhaite un bon r\u00e9tablissement. Voici le podium :&#8211; HAENEL Roland du Mod\u00e8le Yacht Club de Bischheim prend la 1\u00e8re place,suivi de EYDER Rapha\u00ebl 2\u00e8me, du Mod\u00e8le Yacht Club de Bischheimet enfin la 3\u00e8me place, SCHNEIDER Joseph&nbsp; du Mod\u00e8le Yacht Club de Bischheim Comme \u00e0 l\u2019accoutum\u00e9e, apr\u00e8s la remise des prix et un dernier d\u00e9briefing, c&rsquo;est autour du verre de l&rsquo;amiti\u00e9 et de tr\u00e8s bons g\u00e2teaux fait maison par nos p\u00e2tissi\u00e8res&#8230;que tout le monde se quitte dans la bonne humeur et on se donne rendez-vous pour les prochaines r\u00e9gates \u00e0 Nancy pour fin avril et d\u00e9but mai\u2026 Quelques images de la r\u00e9gate en cliquant dans l&rsquo;image des winners (page d&rsquo;accueil du MYCB).<\/p>\n","protected":false},"author":2,"featured_media":1688,"comment_status":"closed","ping_status":"open","sticky":false,"template":"","format":"standard","meta":{"footnotes":""},"categories":[5,10],"tags":[],"class_list":["post-1686","post","type-post","status-publish","format-standard","has-post-thumbnail","hentry","category-actualites","category-regate"],"_links":{"self":[{"href":"https:\/\/classem.org\/wp\/index.php?rest_route=\/wp\/v2\/posts\/1686","targetHints":{"allow":["GET"]}}],"collection":[{"href":"https:\/\/classem.org\/wp\/index.php?rest_route=\/wp\/v2\/posts"}],"about":[{"href":"https:\/\/classem.org\/wp\/index.php?rest_route=\/wp\/v2\/types\/post"}],"author":[{"embeddable":true,"href":"https:\/\/classem.org\/wp\/index.php?rest_route=\/wp\/v2\/users\/2"}],"replies":[{"embeddable":true,"href":"https:\/\/classem.org\/wp\/index.php?rest_route=%2Fwp%2Fv2%2Fcomments&post=1686"}],"version-history":[{"count":2,"href":"https:\/\/classem.org\/wp\/index.php?rest_route=\/wp\/v2\/posts\/1686\/revisions"}],"predecessor-version":[{"id":1692,"href":"https:\/\/classem.org\/wp\/index.php?rest_route=\/wp\/v2\/posts\/1686\/revisions\/1692"}],"wp:featuredmedia":[{"embeddable":true,"href":"https:\/\/classem.org\/wp\/index.php?rest_route=\/wp\/v2\/media\/1688"}],"wp:attachment":[{"href":"https:\/\/classem.org\/wp\/index.php?rest_route=%2Fwp%2Fv2%2Fmedia&parent=1686"}],"wp:term":[{"taxonomy":"category","embeddable":true,"href":"https:\/\/classem.org\/wp\/index.php?rest_route=%2Fwp%2Fv2%2Fcategories&post=1686"},{"taxonomy":"post_tag","embeddable":true,"href":"https:\/\/classem.org\/wp\/index.php?rest_route=%2Fwp%2Fv2%2Ftags&post=1686"}],"curies":[{"name":"wp","href":"https:\/\/api.w.org\/{rel}","templated":true}]}}