{"id":1695,"date":"2025-05-26T09:27:25","date_gmt":"2025-05-26T07:27:25","guid":{"rendered":"https:\/\/classem.org\/wp\/?p=1695"},"modified":"2025-05-26T14:09:47","modified_gmt":"2025-05-26T12:09:47","slug":"raphael-eyder-remporte-le-challenge-daums-a-messein","status":"publish","type":"post","link":"https:\/\/classem.org\/wp\/?p=1695","title":{"rendered":"Rapha\u00ebl EYDER remporte le challenge DAUMS \u00e0 MESSEIN"},"content":{"rendered":"\n<p>R\u00e9gate classe M du 18 mai 2025 au plan d&rsquo;eau de Messein (54),<br>Belle journ\u00e9e ensoleill\u00e9e, vent relativement stable variant entre 10 et 15 km\/h.<\/p>\n\n\n\n<p><\/p>\n\n\n\n<figure class=\"wp-block-image size-full\"><img fetchpriority=\"high\" decoding=\"async\" width=\"800\" height=\"489\" src=\"https:\/\/classem.org\/wp\/wp-content\/uploads\/2025\/05\/titre_messein_2025.jpg\" alt=\"\" class=\"wp-image-1708\" srcset=\"https:\/\/classem.org\/wp\/wp-content\/uploads\/2025\/05\/titre_messein_2025.jpg 800w, https:\/\/classem.org\/wp\/wp-content\/uploads\/2025\/05\/titre_messein_2025-300x183.jpg 300w, https:\/\/classem.org\/wp\/wp-content\/uploads\/2025\/05\/titre_messein_2025-768x469.jpg 768w\" sizes=\"(max-width: 800px) 100vw, 800px\" \/><\/figure>\n\n\n\n<p>Les skippers, ils \u00e9taient 13 inscrits, cinq d\u2019Alsace, de Bischheim, huit de Lorraine, Nancy.<\/p>\n\n\n\n<figure class=\"wp-block-image size-full\"><img decoding=\"async\" width=\"650\" height=\"488\" src=\"https:\/\/classem.org\/wp\/wp-content\/uploads\/2025\/05\/messein_image_2_2025.jpg\" alt=\"\" class=\"wp-image-1709\" srcset=\"https:\/\/classem.org\/wp\/wp-content\/uploads\/2025\/05\/messein_image_2_2025.jpg 650w, https:\/\/classem.org\/wp\/wp-content\/uploads\/2025\/05\/messein_image_2_2025-300x225.jpg 300w\" sizes=\"(max-width: 650px) 100vw, 650px\" \/><\/figure>\n\n\n\n<p>13 courses ont \u00e9t\u00e9 disput\u00e9es sur des parcours construits de 10h00 \u00e0 16h00<br>R\u00e9gates, arbitrage, jugement direct, pas d\u2019incidents notables\u2026<\/p>\n\n\n\n<p>Avec pause midi pour partager une collation au bord de l\u2019eau<\/p>\n\n\n\n<figure class=\"wp-block-image size-full\"><img decoding=\"async\" width=\"650\" height=\"652\" src=\"https:\/\/classem.org\/wp\/wp-content\/uploads\/2025\/05\/messein_image_3_2025.jpg\" alt=\"\" class=\"wp-image-1710\" srcset=\"https:\/\/classem.org\/wp\/wp-content\/uploads\/2025\/05\/messein_image_3_2025.jpg 650w, https:\/\/classem.org\/wp\/wp-content\/uploads\/2025\/05\/messein_image_3_2025-300x300.jpg 300w, https:\/\/classem.org\/wp\/wp-content\/uploads\/2025\/05\/messein_image_3_2025-150x150.jpg 150w, https:\/\/classem.org\/wp\/wp-content\/uploads\/2025\/05\/messein_image_3_2025-75x75.jpg 75w\" sizes=\"(max-width: 650px) 100vw, 650px\" \/><\/figure>\n\n\n\n<p><br>Le podium :<\/p>\n\n\n\n<figure class=\"wp-block-image size-full\"><img loading=\"lazy\" decoding=\"async\" width=\"650\" height=\"488\" src=\"https:\/\/classem.org\/wp\/wp-content\/uploads\/2025\/05\/podium_messein_2025-2.jpg\" alt=\"\" class=\"wp-image-1711\" srcset=\"https:\/\/classem.org\/wp\/wp-content\/uploads\/2025\/05\/podium_messein_2025-2.jpg 650w, https:\/\/classem.org\/wp\/wp-content\/uploads\/2025\/05\/podium_messein_2025-2-300x225.jpg 300w\" sizes=\"(max-width: 650px) 100vw, 650px\" \/><\/figure>\n\n\n\n<p>&#8211;&nbsp; EYDER Rapha\u00ebl du Mod\u00e8le Yacht Club de Bischheim prend la 1\u00e8re place,<br>&#8211;&nbsp; KRAUTH Marcel du Mod\u00e8le Yacht Club de Bischheim \u00e0 la&nbsp;2\u1d49 place<br>et enfin \u00e0 la 3\u1d49 place, SCHNEIDER Joseph \u00e9galement du Mod\u00e8le Yacht Club de Bischheim<br><br>Apr\u00e8s un dernier d\u00e9briefing et la remise des prix, pour cl\u00f4turer cette belle journ\u00e9e,<br>c&rsquo;est autour du verre de l&rsquo;amiti\u00e9 et de tr\u00e8s bons g\u00e2teaux fait maison&#8230; que tout le monde se quitte dans la bonne humeur.<\/p>\n\n\n\n<p>PS: <a href=\"https:\/\/photos.google.com\/share\/AF1QipPcutnPSylcwhZ3WHNgRxS3EDWukDbjfy2GpO1DIOEuCFnK5GoYZn3WSWaEr_2--A?key=R1ZFSlZoNUg1SG9XeGg1MGlMLWJLQ0d0N05SVEFn\">Quelques images en cliquant sur les Winners dans la page d&rsquo;accueil de notre site internet<\/a> :&nbsp;&nbsp;<a href=\"https:\/\/www.mycb-67.fr\/\" target=\"_blank\" rel=\"noreferrer noopener\">https:\/\/www.mycb-67.fr\/<\/a><\/p>\n\n\n\n<figure class=\"wp-block-image size-full\"><img loading=\"lazy\" decoding=\"async\" width=\"909\" height=\"451\" src=\"https:\/\/classem.org\/wp\/wp-content\/uploads\/2025\/05\/image-2.png\" alt=\"\" class=\"wp-image-1713\" srcset=\"https:\/\/classem.org\/wp\/wp-content\/uploads\/2025\/05\/image-2.png 909w, https:\/\/classem.org\/wp\/wp-content\/uploads\/2025\/05\/image-2-300x149.png 300w, https:\/\/classem.org\/wp\/wp-content\/uploads\/2025\/05\/image-2-768x381.png 768w\" sizes=\"(max-width: 909px) 100vw, 909px\" \/><\/figure>\n","protected":false},"excerpt":{"rendered":"<p>R\u00e9gate classe M du 18 mai 2025 au plan d&rsquo;eau de Messein (54),Belle journ\u00e9e ensoleill\u00e9e, vent relativement stable variant entre 10 et 15 km\/h. Les skippers, ils \u00e9taient 13 inscrits, cinq d\u2019Alsace, de Bischheim, huit de Lorraine, Nancy. 13 courses ont \u00e9t\u00e9 disput\u00e9es sur des parcours construits de 10h00 \u00e0 16h00R\u00e9gates, arbitrage, jugement direct, pas d\u2019incidents notables\u2026 Avec pause midi pour partager une collation au bord de l\u2019eau Le podium : &#8211;&nbsp; EYDER Rapha\u00ebl du Mod\u00e8le Yacht Club de Bischheim prend la 1\u00e8re place,&#8211;&nbsp; KRAUTH Marcel du Mod\u00e8le Yacht Club de Bischheim \u00e0 la&nbsp;2\u1d49 placeet enfin \u00e0 la 3\u1d49 place, SCHNEIDER Joseph \u00e9galement du Mod\u00e8le Yacht Club de Bischheim Apr\u00e8s un dernier d\u00e9briefing et la remise des prix, pour cl\u00f4turer cette belle journ\u00e9e,c&rsquo;est autour du verre de l&rsquo;amiti\u00e9 et de tr\u00e8s bons g\u00e2teaux fait maison&#8230; que tout le monde se quitte dans la bonne humeur. PS: Quelques images en cliquant sur les Winners dans la page d&rsquo;accueil de notre site internet :&nbsp;&nbsp;https:\/\/www.mycb-67.fr\/<\/p>\n","protected":false},"author":2,"featured_media":1696,"comment_status":"closed","ping_status":"open","sticky":false,"template":"","format":"standard","meta":{"footnotes":""},"categories":[5,10],"tags":[],"class_list":["post-1695","post","type-post","status-publish","format-standard","has-post-thumbnail","hentry","category-actualites","category-regate"],"_links":{"self":[{"href":"https:\/\/classem.org\/wp\/index.php?rest_route=\/wp\/v2\/posts\/1695","targetHints":{"allow":["GET"]}}],"collection":[{"href":"https:\/\/classem.org\/wp\/index.php?rest_route=\/wp\/v2\/posts"}],"about":[{"href":"https:\/\/classem.org\/wp\/index.php?rest_route=\/wp\/v2\/types\/post"}],"author":[{"embeddable":true,"href":"https:\/\/classem.org\/wp\/index.php?rest_route=\/wp\/v2\/users\/2"}],"replies":[{"embeddable":true,"href":"https:\/\/classem.org\/wp\/index.php?rest_route=%2Fwp%2Fv2%2Fcomments&post=1695"}],"version-history":[{"count":3,"href":"https:\/\/classem.org\/wp\/index.php?rest_route=\/wp\/v2\/posts\/1695\/revisions"}],"predecessor-version":[{"id":1714,"href":"https:\/\/classem.org\/wp\/index.php?rest_route=\/wp\/v2\/posts\/1695\/revisions\/1714"}],"wp:featuredmedia":[{"embeddable":true,"href":"https:\/\/classem.org\/wp\/index.php?rest_route=\/wp\/v2\/media\/1696"}],"wp:attachment":[{"href":"https:\/\/classem.org\/wp\/index.php?rest_route=%2Fwp%2Fv2%2Fmedia&parent=1695"}],"wp:term":[{"taxonomy":"category","embeddable":true,"href":"https:\/\/classem.org\/wp\/index.php?rest_route=%2Fwp%2Fv2%2Fcategories&post=1695"},{"taxonomy":"post_tag","embeddable":true,"href":"https:\/\/classem.org\/wp\/index.php?rest_route=%2Fwp%2Fv2%2Ftags&post=1695"}],"curies":[{"name":"wp","href":"https:\/\/api.w.org\/{rel}","templated":true}]}}