{"id":1701,"date":"2025-05-26T09:44:33","date_gmt":"2025-05-26T07:44:33","guid":{"rendered":"https:\/\/classem.org\/wp\/?p=1701"},"modified":"2025-05-26T09:45:10","modified_gmt":"2025-05-26T07:45:10","slug":"christophe-boisnault-remporte-la-regate-du-printemps-a-orleans-et-fait-la-demo-de-son-10","status":"publish","type":"post","link":"https:\/\/classem.org\/wp\/?p=1701","title":{"rendered":"Christophe BOISNAULT remporte la r\u00e9gate du Printemps \u00e0 Orl\u00e9ans et fait la d\u00e9mo de son 10"},"content":{"rendered":"\n<p>12 participants dont Christophe B notre nouveau champion du monde qui avait fait le d\u00e9placement.<\/p>\n\n\n\n<p>Gr\u00e9ement A pour tout le monde sur la 1\u00e8re manche, sauf Patrick Vantouroux qui gagne la manche, de quoi semer le doute dans le choix du gr\u00e9ement, A ou B ? Finalement\u00a0tous en A sur le reste de la journ\u00e9e.<\/p>\n\n\n\n<p>Le vent \u00e9tait r\u00e9gulier et quelques averses sont pass\u00e9es nous dire bonjour.\u00a0<\/p>\n\n\n\n<figure class=\"wp-block-image size-full\"><img fetchpriority=\"high\" decoding=\"async\" width=\"1024\" height=\"768\" src=\"https:\/\/classem.org\/wp\/wp-content\/uploads\/2025\/05\/4224010709049718281.jpg\" alt=\"\" class=\"wp-image-1705\" srcset=\"https:\/\/classem.org\/wp\/wp-content\/uploads\/2025\/05\/4224010709049718281.jpg 1024w, https:\/\/classem.org\/wp\/wp-content\/uploads\/2025\/05\/4224010709049718281-300x225.jpg 300w, https:\/\/classem.org\/wp\/wp-content\/uploads\/2025\/05\/4224010709049718281-768x576.jpg 768w\" sizes=\"(max-width: 1024px) 100vw, 1024px\" \/><\/figure>\n\n\n\n<p>L&rsquo;attraction de la mi journ\u00e9e a \u00e9t\u00e9 la sortie du classe 10 de Christophe B avec son gr\u00e9ement orientable, qui fait que le bateau \u00e0 la g\u00eete&nbsp;adopte le m\u00eame comportement qu&rsquo;une planche open des ann\u00e9es 1980 en navigant sur la tranche au planning. Impressionnant !<\/p>\n\n\n\n<figure class=\"wp-block-image size-large\"><img decoding=\"async\" width=\"1024\" height=\"1024\" src=\"https:\/\/classem.org\/wp\/wp-content\/uploads\/2025\/05\/IMG-20250525-WA0010-1024x1024.jpg\" alt=\"\" class=\"wp-image-1703\" srcset=\"https:\/\/classem.org\/wp\/wp-content\/uploads\/2025\/05\/IMG-20250525-WA0010-1024x1024.jpg 1024w, https:\/\/classem.org\/wp\/wp-content\/uploads\/2025\/05\/IMG-20250525-WA0010-300x300.jpg 300w, https:\/\/classem.org\/wp\/wp-content\/uploads\/2025\/05\/IMG-20250525-WA0010-150x150.jpg 150w, https:\/\/classem.org\/wp\/wp-content\/uploads\/2025\/05\/IMG-20250525-WA0010-768x768.jpg 768w, https:\/\/classem.org\/wp\/wp-content\/uploads\/2025\/05\/IMG-20250525-WA0010-1536x1536.jpg 1536w, https:\/\/classem.org\/wp\/wp-content\/uploads\/2025\/05\/IMG-20250525-WA0010-1140x1140.jpg 1140w, https:\/\/classem.org\/wp\/wp-content\/uploads\/2025\/05\/IMG-20250525-WA0010-75x75.jpg 75w, https:\/\/classem.org\/wp\/wp-content\/uploads\/2025\/05\/IMG-20250525-WA0010.jpg 2048w\" sizes=\"(max-width: 1024px) 100vw, 1024px\" \/><\/figure>\n\n\n\n<p>Pour en revenir \u00e0 la r\u00e9gate et le podium apr\u00e8s 16 manches courues, <\/p>\n\n\n\n<p>1er Christophe BOISNAULT<\/p>\n\n\n\n<p> 2\u00e8me Gilles DICRESCENZO<\/p>\n\n\n\n<p> 3 \u00e8me St\u00e9phane VANTOUROUX<\/p>\n\n\n\n<figure class=\"wp-block-image size-large\"><img decoding=\"async\" width=\"1024\" height=\"415\" src=\"https:\/\/classem.org\/wp\/wp-content\/uploads\/2025\/05\/image-1-1024x415.png\" alt=\"\" class=\"wp-image-1702\" srcset=\"https:\/\/classem.org\/wp\/wp-content\/uploads\/2025\/05\/image-1-1024x415.png 1024w, https:\/\/classem.org\/wp\/wp-content\/uploads\/2025\/05\/image-1-300x122.png 300w, https:\/\/classem.org\/wp\/wp-content\/uploads\/2025\/05\/image-1-768x311.png 768w, https:\/\/classem.org\/wp\/wp-content\/uploads\/2025\/05\/image-1.png 1049w\" sizes=\"(max-width: 1024px) 100vw, 1024px\" \/><\/figure>\n","protected":false},"excerpt":{"rendered":"<p>12 participants dont Christophe B notre nouveau champion du monde qui avait fait le d\u00e9placement. Gr\u00e9ement A pour tout le monde sur la 1\u00e8re manche, sauf Patrick Vantouroux qui gagne la manche, de quoi semer le doute dans le choix du gr\u00e9ement, A ou B ? Finalement\u00a0tous en A sur le reste de la journ\u00e9e. Le vent \u00e9tait r\u00e9gulier et quelques averses sont pass\u00e9es nous dire bonjour.\u00a0 L&rsquo;attraction de la mi journ\u00e9e a \u00e9t\u00e9 la sortie du classe 10 de Christophe B avec son gr\u00e9ement orientable, qui fait que le bateau \u00e0 la g\u00eete&nbsp;adopte le m\u00eame comportement qu&rsquo;une planche open des ann\u00e9es 1980 en navigant sur la tranche au planning. Impressionnant ! Pour en revenir \u00e0 la r\u00e9gate et le podium apr\u00e8s 16 manches courues, 1er Christophe BOISNAULT 2\u00e8me Gilles DICRESCENZO 3 \u00e8me St\u00e9phane VANTOUROUX<\/p>\n","protected":false},"author":2,"featured_media":1704,"comment_status":"closed","ping_status":"open","sticky":false,"template":"","format":"standard","meta":{"footnotes":""},"categories":[5,10],"tags":[],"class_list":["post-1701","post","type-post","status-publish","format-standard","has-post-thumbnail","hentry","category-actualites","category-regate"],"_links":{"self":[{"href":"https:\/\/classem.org\/wp\/index.php?rest_route=\/wp\/v2\/posts\/1701","targetHints":{"allow":["GET"]}}],"collection":[{"href":"https:\/\/classem.org\/wp\/index.php?rest_route=\/wp\/v2\/posts"}],"about":[{"href":"https:\/\/classem.org\/wp\/index.php?rest_route=\/wp\/v2\/types\/post"}],"author":[{"embeddable":true,"href":"https:\/\/classem.org\/wp\/index.php?rest_route=\/wp\/v2\/users\/2"}],"replies":[{"embeddable":true,"href":"https:\/\/classem.org\/wp\/index.php?rest_route=%2Fwp%2Fv2%2Fcomments&post=1701"}],"version-history":[{"count":2,"href":"https:\/\/classem.org\/wp\/index.php?rest_route=\/wp\/v2\/posts\/1701\/revisions"}],"predecessor-version":[{"id":1707,"href":"https:\/\/classem.org\/wp\/index.php?rest_route=\/wp\/v2\/posts\/1701\/revisions\/1707"}],"wp:featuredmedia":[{"embeddable":true,"href":"https:\/\/classem.org\/wp\/index.php?rest_route=\/wp\/v2\/media\/1704"}],"wp:attachment":[{"href":"https:\/\/classem.org\/wp\/index.php?rest_route=%2Fwp%2Fv2%2Fmedia&parent=1701"}],"wp:term":[{"taxonomy":"category","embeddable":true,"href":"https:\/\/classem.org\/wp\/index.php?rest_route=%2Fwp%2Fv2%2Fcategories&post=1701"},{"taxonomy":"post_tag","embeddable":true,"href":"https:\/\/classem.org\/wp\/index.php?rest_route=%2Fwp%2Fv2%2Ftags&post=1701"}],"curies":[{"name":"wp","href":"https:\/\/api.w.org\/{rel}","templated":true}]}}