{"id":1775,"date":"2025-09-08T11:23:23","date_gmt":"2025-09-08T09:23:23","guid":{"rendered":"https:\/\/classem.org\/wp\/?p=1775"},"modified":"2025-09-08T11:51:39","modified_gmt":"2025-09-08T09:51:39","slug":"erwann-sadjude-la-regate-du-cvsq-a-orleans","status":"publish","type":"post","link":"https:\/\/classem.org\/wp\/?p=1775","title":{"rendered":"Erwann s&rsquo;adjuge la r\u00e9gate du CVSQ \u00e0 Orl\u00e9ans !"},"content":{"rendered":"\n<p>C&rsquo;est finalement \u00e0 Orl\u00e9ans et non \u00e0 Saint Quentin en Yvelines que s&rsquo;est courue la r\u00e9gate de rentr\u00e9e du CVSQ. Les algues toxiques ayant prolif\u00e9r\u00e9 sur le plan d&rsquo;eau de Saint Quentin, les autorit\u00e9s en ont interdit la navigation jusqu&rsquo;au 28 septembre &#8211; aucune d\u00e9rogation n&rsquo;ayant \u00e9t\u00e9 accord\u00e9e pour pr\u00e9server la sant\u00e9 de nos skippers.<\/p>\n\n\n\n<p>C&rsquo;est finalement 13 skippers qui se sont retrouv\u00e9s sur les bords du lac de l&rsquo;Or\u00e9e de Sologne. En d\u00e9but de matin\u00e9e, Gilles, qui dirigeait les op\u00e9rations \u00e9tait incapable de mouiller un parcours car le vent tournoyait sans arr\u00eat &#8211; on a donc pris le caf\u00e9 pour profiter de cette tr\u00e8s belle journ\u00e9e ensoleill\u00e9, et r\u00e9gl\u00e9 l&rsquo;inscription  \u00e0 2 euros en se fouillant les poches pour trouver la petite monnaie qu&rsquo;on utilise plus beaucoup de nos jours.<\/p>\n\n\n\n<figure class=\"wp-block-image size-large\"><img fetchpriority=\"high\" decoding=\"async\" width=\"1024\" height=\"768\" src=\"https:\/\/classem.org\/wp\/wp-content\/uploads\/2025\/09\/IMG_20250907_165845-1024x768.jpg\" alt=\"\" class=\"wp-image-1777\" srcset=\"https:\/\/classem.org\/wp\/wp-content\/uploads\/2025\/09\/IMG_20250907_165845-1024x768.jpg 1024w, https:\/\/classem.org\/wp\/wp-content\/uploads\/2025\/09\/IMG_20250907_165845-300x225.jpg 300w, https:\/\/classem.org\/wp\/wp-content\/uploads\/2025\/09\/IMG_20250907_165845-768x576.jpg 768w, https:\/\/classem.org\/wp\/wp-content\/uploads\/2025\/09\/IMG_20250907_165845-1536x1152.jpg 1536w, https:\/\/classem.org\/wp\/wp-content\/uploads\/2025\/09\/IMG_20250907_165845-2048x1536.jpg 2048w, https:\/\/classem.org\/wp\/wp-content\/uploads\/2025\/09\/IMG_20250907_165845-1140x855.jpg 1140w\" sizes=\"(max-width: 1024px) 100vw, 1024px\" \/><\/figure>\n\n\n\n<p>Puis le vent est rentr\u00e9 par le sud permettant de mouiller un parcours assez stable pour courir les 6 manches de la matin\u00e9e en gr\u00e9ement A l\u00e9ger. Le vent se renfor\u00e7ant l\u00e9g\u00e8rement et basculant vers l&rsquo;ouest. Erwann LE BOT et St\u00e9phane VANTOUROUX se tirent la bourre devant le reste de la flotte.<\/p>\n\n\n\n<p>A la sixi\u00e8me manche, Erwann perd le contr\u00f4le de son bateau avec un servo de barre qui prend ses aises, un coup je marche, un coup je ne marche pas&#8230; son bateau est \u00e0 la d\u00e9rive \u00e0 la bou\u00e9e sous le vent&#8230; rendant les \u00e9volutions \u00e0 son passage particuli\u00e8rement p\u00e9rilleuses !<\/p>\n\n\n\n<p>Gilles d\u00e9cr\u00e8te alors la pause d\u00e9jeuner qui a permis \u00e0 Erwann de remplacer son servo d\u00e9fectueux, pendant que les coureurs ont partag\u00e9 un d\u00e9licieux picnic \u00e0 l&rsquo;ombre sous les arbres.<\/p>\n\n\n\n<p>Au retour de la pause, on repart pour 6 manches o\u00f9 Erwann reprend les commandes de la r\u00e9gate devant St\u00e9phane qui a des r\u00e9sultats moins constants que ce matin. Jean-Luc, lui, navigue propre \u00e0 domicile et remonte au classement pour finir sur le podium.<\/p>\n\n\n\n<p>Gilles avait remouill\u00e9 le parcours dans la longueur pour tenir compte de la bascule \u00e0 l&rsquo;ouest qui s&rsquo;annon\u00e7ait d\u00e9j\u00e0 en fin de matin\u00e9e &#8211; un tr\u00e8s beau parcours beaucoup plus amusant que celui du matin.<\/p>\n\n\n\n<figure class=\"wp-block-image size-full\"><img decoding=\"async\" width=\"854\" height=\"374\" src=\"https:\/\/classem.org\/wp\/wp-content\/uploads\/2025\/09\/image.png\" alt=\"\" class=\"wp-image-1776\" srcset=\"https:\/\/classem.org\/wp\/wp-content\/uploads\/2025\/09\/image.png 854w, https:\/\/classem.org\/wp\/wp-content\/uploads\/2025\/09\/image-300x131.png 300w, https:\/\/classem.org\/wp\/wp-content\/uploads\/2025\/09\/image-768x336.png 768w\" sizes=\"(max-width: 854px) 100vw, 854px\" \/><\/figure>\n\n\n\n<p>Un grand merci \u00e0 l&rsquo;\u00e9quipe de l&rsquo;ASPTT d&rsquo;Orl\u00e9ans pour nous avoir permis de naviguer pour cette rentr\u00e9e en mettant \u00e0 disposition le plan d&rsquo;eau, l&rsquo;annexe, la mise \u00e0 l&rsquo;eau amovible.<\/p>\n\n\n\n<p>Et bien s\u00fbr un tr\u00e8s grand merci \u00e0 Gilles pour avoir offici\u00e9 toute la journ\u00e9e et pour Michel qui a tout pr\u00e9par\u00e9.<\/p>\n\n\n\n<p>En marge de la r\u00e9gate, j&rsquo;ai pu tester la nouvelle radio FLYSKY toute la journ\u00e9e et elle tient ses promesses question dur\u00e9e de la batterie qui \u00e9tait le d\u00e9faut de la version pr\u00e9c\u00e9dente.<\/p>\n","protected":false},"excerpt":{"rendered":"<p>C&rsquo;est finalement \u00e0 Orl\u00e9ans et non \u00e0 Saint Quentin en Yvelines que s&rsquo;est courue la r\u00e9gate de rentr\u00e9e du CVSQ. Les algues toxiques ayant prolif\u00e9r\u00e9 sur le plan d&rsquo;eau de Saint Quentin, les autorit\u00e9s en ont interdit la navigation jusqu&rsquo;au 28 septembre &#8211; aucune d\u00e9rogation n&rsquo;ayant \u00e9t\u00e9 accord\u00e9e pour pr\u00e9server la sant\u00e9 de nos skippers. C&rsquo;est finalement 13 skippers qui se sont retrouv\u00e9s sur les bords du lac de l&rsquo;Or\u00e9e de Sologne. En d\u00e9but de matin\u00e9e, Gilles, qui dirigeait les op\u00e9rations \u00e9tait incapable de mouiller un parcours car le vent tournoyait sans arr\u00eat &#8211; on a donc pris le caf\u00e9 pour profiter de cette tr\u00e8s belle journ\u00e9e ensoleill\u00e9, et r\u00e9gl\u00e9 l&rsquo;inscription \u00e0 2 euros en se fouillant les poches pour trouver la petite monnaie qu&rsquo;on utilise plus beaucoup de nos jours. Puis le vent est rentr\u00e9 par le sud permettant de mouiller un parcours assez stable pour courir les 6 manches de la matin\u00e9e en gr\u00e9ement A l\u00e9ger. Le vent se renfor\u00e7ant l\u00e9g\u00e8rement et basculant vers l&rsquo;ouest. Erwann LE BOT et St\u00e9phane VANTOUROUX se tirent la bourre devant le reste de la flotte. A la sixi\u00e8me manche, Erwann perd le contr\u00f4le de son bateau avec un servo de barre qui prend ses aises, un coup je marche, un coup je ne marche pas&#8230; son bateau est \u00e0 la d\u00e9rive \u00e0 la bou\u00e9e sous le vent&#8230; rendant les \u00e9volutions \u00e0 son passage particuli\u00e8rement p\u00e9rilleuses ! Gilles d\u00e9cr\u00e8te alors la pause d\u00e9jeuner qui a permis \u00e0 Erwann de remplacer son servo d\u00e9fectueux, pendant que les coureurs ont partag\u00e9 un d\u00e9licieux picnic \u00e0 l&rsquo;ombre sous les arbres. Au retour de la pause, on repart pour 6 manches o\u00f9 Erwann reprend les commandes de la r\u00e9gate devant St\u00e9phane qui a des r\u00e9sultats moins constants que ce matin. Jean-Luc, lui, navigue propre \u00e0 domicile et remonte au classement pour finir sur le podium. Gilles avait remouill\u00e9 le parcours dans la longueur pour tenir compte de la bascule \u00e0 l&rsquo;ouest qui s&rsquo;annon\u00e7ait d\u00e9j\u00e0 en fin de matin\u00e9e &#8211; un tr\u00e8s beau parcours beaucoup plus amusant que celui du matin. Un grand merci \u00e0 l&rsquo;\u00e9quipe de l&rsquo;ASPTT d&rsquo;Orl\u00e9ans pour nous avoir permis de naviguer pour cette rentr\u00e9e en mettant \u00e0 disposition le plan d&rsquo;eau, l&rsquo;annexe, la mise \u00e0 l&rsquo;eau amovible. Et bien s\u00fbr un tr\u00e8s grand merci \u00e0 Gilles pour avoir offici\u00e9 toute la journ\u00e9e et pour Michel qui a tout pr\u00e9par\u00e9. En marge de la r\u00e9gate, j&rsquo;ai pu tester la nouvelle radio FLYSKY toute la journ\u00e9e et elle tient ses promesses question dur\u00e9e de la batterie qui \u00e9tait le d\u00e9faut de la version pr\u00e9c\u00e9dente.<\/p>\n","protected":false},"author":2,"featured_media":1777,"comment_status":"closed","ping_status":"open","sticky":false,"template":"","format":"standard","meta":{"footnotes":""},"categories":[5,10],"tags":[],"class_list":["post-1775","post","type-post","status-publish","format-standard","has-post-thumbnail","hentry","category-actualites","category-regate"],"_links":{"self":[{"href":"https:\/\/classem.org\/wp\/index.php?rest_route=\/wp\/v2\/posts\/1775","targetHints":{"allow":["GET"]}}],"collection":[{"href":"https:\/\/classem.org\/wp\/index.php?rest_route=\/wp\/v2\/posts"}],"about":[{"href":"https:\/\/classem.org\/wp\/index.php?rest_route=\/wp\/v2\/types\/post"}],"author":[{"embeddable":true,"href":"https:\/\/classem.org\/wp\/index.php?rest_route=\/wp\/v2\/users\/2"}],"replies":[{"embeddable":true,"href":"https:\/\/classem.org\/wp\/index.php?rest_route=%2Fwp%2Fv2%2Fcomments&post=1775"}],"version-history":[{"count":8,"href":"https:\/\/classem.org\/wp\/index.php?rest_route=\/wp\/v2\/posts\/1775\/revisions"}],"predecessor-version":[{"id":1789,"href":"https:\/\/classem.org\/wp\/index.php?rest_route=\/wp\/v2\/posts\/1775\/revisions\/1789"}],"wp:featuredmedia":[{"embeddable":true,"href":"https:\/\/classem.org\/wp\/index.php?rest_route=\/wp\/v2\/media\/1777"}],"wp:attachment":[{"href":"https:\/\/classem.org\/wp\/index.php?rest_route=%2Fwp%2Fv2%2Fmedia&parent=1775"}],"wp:term":[{"taxonomy":"category","embeddable":true,"href":"https:\/\/classem.org\/wp\/index.php?rest_route=%2Fwp%2Fv2%2Fcategories&post=1775"},{"taxonomy":"post_tag","embeddable":true,"href":"https:\/\/classem.org\/wp\/index.php?rest_route=%2Fwp%2Fv2%2Ftags&post=1775"}],"curies":[{"name":"wp","href":"https:\/\/api.w.org\/{rel}","templated":true}]}}