{"id":1793,"date":"2025-09-10T19:11:54","date_gmt":"2025-09-10T17:11:54","guid":{"rendered":"https:\/\/classem.org\/wp\/?p=1793"},"modified":"2025-09-10T19:31:29","modified_gmt":"2025-09-10T17:31:29","slug":"joseph-schneider-enleve-la-manche-du-challenge-jean-louis-hoerle-a-bischheim","status":"publish","type":"post","link":"https:\/\/classem.org\/wp\/?p=1793","title":{"rendered":"Joseph SCHNEIDER enl\u00e8ve la manche du challenge Jean-Louis HOERLE \u00e0 Bischheim"},"content":{"rendered":"\n<figure class=\"wp-block-image size-full\"><img fetchpriority=\"high\" decoding=\"async\" width=\"650\" height=\"435\" src=\"https:\/\/classem.org\/wp\/wp-content\/uploads\/2025\/09\/bischheim_07_09_2025.jpg\" alt=\"\" class=\"wp-image-1794\" srcset=\"https:\/\/classem.org\/wp\/wp-content\/uploads\/2025\/09\/bischheim_07_09_2025.jpg 650w, https:\/\/classem.org\/wp\/wp-content\/uploads\/2025\/09\/bischheim_07_09_2025-300x201.jpg 300w\" sizes=\"(max-width: 650px) 100vw, 650px\" \/><\/figure>\n\n\n\n<p>R\u00e9gate de rentr\u00e9e \u00e0 Bischheim \u2013 Challenge Jean-Louis Hoerl\u00e9<br>Dimanche 7 septembre 2025<br>La r\u00e9gate de rentr\u00e9e \u00e0 Bischheim s\u2019est d\u00e9roul\u00e9e dans le cadre du Challenge Jean-Louis<br>Hoerl\u00e9, baptis\u00e9 du nom du maire de la ville.<br>Le week-end du 7 septembre nous a offert une m\u00e9t\u00e9o agr\u00e9able : du soleil, certes, mais tr\u00e8s<br>peu de vent\u2026 Malgr\u00e9 cette p\u00e9tole, pas moins de 12 manches ont pu \u00eatre disput\u00e9es !<br>Les participants<br>15 skippers avaient fait le d\u00e9placement :<\/p>\n\n\n\n<ul class=\"wp-block-list\">\n<li>7 venus d\u2019Allemagne,<\/li>\n\n\n\n<li>5 d\u2019Alsace (club de Bischheim),<\/li>\n\n\n\n<li>2 de Lorraine (Nancy),<\/li>\n\n\n\n<li>et un invit\u00e9 de Menton, Christian Ardouin, que nous avons eu le plaisir d\u2019accueillir.<br><\/li>\n<\/ul>\n\n\n\n<figure class=\"wp-block-image size-full\"><img decoding=\"async\" width=\"876\" height=\"375\" src=\"https:\/\/classem.org\/wp\/wp-content\/uploads\/2025\/09\/image-1.png\" alt=\"\" class=\"wp-image-1795\" srcset=\"https:\/\/classem.org\/wp\/wp-content\/uploads\/2025\/09\/image-1.png 876w, https:\/\/classem.org\/wp\/wp-content\/uploads\/2025\/09\/image-1-300x128.png 300w, https:\/\/classem.org\/wp\/wp-content\/uploads\/2025\/09\/image-1-768x329.png 768w\" sizes=\"(max-width: 876px) 100vw, 876px\" \/><figcaption class=\"wp-element-caption\">Les r\u00e9sultats de la journ\u00e9e<\/figcaption><\/figure>\n\n\n\n<figure class=\"wp-block-image size-full is-resized\"><img decoding=\"async\" width=\"650\" height=\"433\" src=\"https:\/\/classem.org\/wp\/wp-content\/uploads\/2025\/09\/bischheim_07_09_2025-3.jpg\" alt=\"\" class=\"wp-image-1797\" style=\"width:840px;height:auto\" srcset=\"https:\/\/classem.org\/wp\/wp-content\/uploads\/2025\/09\/bischheim_07_09_2025-3.jpg 650w, https:\/\/classem.org\/wp\/wp-content\/uploads\/2025\/09\/bischheim_07_09_2025-3-300x200.jpg 300w\" sizes=\"(max-width: 650px) 100vw, 650px\" \/><figcaption class=\"wp-element-caption\">Le podium<\/figcaption><\/figure>\n\n\n\n<p>Les bateaux pr\u00e9sents \u00e9taient vari\u00e9s et de belle qualit\u00e9 : Sisco, Paradox, Expresso,<br>Grunge, Nioutram, Indie, Shark, Chocolat, etc.<br>Le d\u00e9roulement<br>Les 12 courses se sont encha\u00een\u00e9es de 10h \u00e0 16h, entrecoup\u00e9es d\u2019une pause conviviale \u00e0 midi<br>pour partager une collation au bord de l\u2019eau.<\/p>\n\n\n\n<figure class=\"wp-block-image size-full\"><img loading=\"lazy\" decoding=\"async\" width=\"650\" height=\"434\" src=\"https:\/\/classem.org\/wp\/wp-content\/uploads\/2025\/09\/bischheim_07_09_2025-2.jpg\" alt=\"\" class=\"wp-image-1796\" srcset=\"https:\/\/classem.org\/wp\/wp-content\/uploads\/2025\/09\/bischheim_07_09_2025-2.jpg 650w, https:\/\/classem.org\/wp\/wp-content\/uploads\/2025\/09\/bischheim_07_09_2025-2-300x200.jpg 300w\" sizes=\"(max-width: 650px) 100vw, 650px\" \/><\/figure>\n\n\n\n<p><br>L\u2019arbitrage et le jugement direct se sont d\u00e9roul\u00e9s dans un esprit sportif exemplaire :<br>aucun incident notable \u00e0 signaler.<br>Les temps forts<br>Monsieur le Maire, Jean-Louis Hoerl\u00e9, ainsi que plusieurs membres du conseil municipal,<br>tous investis dans la vie associative et sportive de Bischheim, ont honor\u00e9 la remise des prix<br>de leur pr\u00e9sence.<br>C\u2019est d\u2019ailleurs Monsieur le Maire lui-m\u00eame qui a remis au vainqueur le challenge portant<br>son nom.<br>La journ\u00e9e s\u2019est cl\u00f4tur\u00e9e dans la convivialit\u00e9, autour du verre de l\u2019amiti\u00e9.<\/p>\n\n\n\n<figure class=\"wp-block-image size-full\"><img loading=\"lazy\" decoding=\"async\" width=\"650\" height=\"433\" src=\"https:\/\/classem.org\/wp\/wp-content\/uploads\/2025\/09\/bischheim_07_09_2025-4.jpg\" alt=\"\" class=\"wp-image-1798\" srcset=\"https:\/\/classem.org\/wp\/wp-content\/uploads\/2025\/09\/bischheim_07_09_2025-4.jpg 650w, https:\/\/classem.org\/wp\/wp-content\/uploads\/2025\/09\/bischheim_07_09_2025-4-300x200.jpg 300w\" sizes=\"(max-width: 650px) 100vw, 650px\" \/><\/figure>\n\n\n\n<p><br>PS : Pas beaucoup de vent dimanche\u2026 mais un gros coup de boost c\u00f4t\u00e9 images !<br>Jean-Charles Balla et Patrick P se sont improvis\u00e9s \u201cpaparazzis du plan d\u2019eau\u201d pour<br>immortaliser la r\u00e9gate M du 07\/09\/2025.<br>Le lien vers quelques images sur la <a href=\"https:\/\/www.mycb-67.fr\/\">page d&rsquo;accueil du site M.Y.C.B<\/a>.<\/p>\n\n\n\n<figure class=\"wp-block-image size-large\"><img loading=\"lazy\" decoding=\"async\" width=\"1024\" height=\"682\" src=\"https:\/\/classem.org\/wp\/wp-content\/uploads\/2025\/09\/Regate-M_-Bischheim_sept_2025_Serie2.0057-1024x682.jpg\" alt=\"\" class=\"wp-image-1799\" srcset=\"https:\/\/classem.org\/wp\/wp-content\/uploads\/2025\/09\/Regate-M_-Bischheim_sept_2025_Serie2.0057-1024x682.jpg 1024w, https:\/\/classem.org\/wp\/wp-content\/uploads\/2025\/09\/Regate-M_-Bischheim_sept_2025_Serie2.0057-300x200.jpg 300w, https:\/\/classem.org\/wp\/wp-content\/uploads\/2025\/09\/Regate-M_-Bischheim_sept_2025_Serie2.0057-768x512.jpg 768w, https:\/\/classem.org\/wp\/wp-content\/uploads\/2025\/09\/Regate-M_-Bischheim_sept_2025_Serie2.0057-1140x760.jpg 1140w, https:\/\/classem.org\/wp\/wp-content\/uploads\/2025\/09\/Regate-M_-Bischheim_sept_2025_Serie2.0057.jpg 1319w\" sizes=\"(max-width: 1024px) 100vw, 1024px\" \/><\/figure>\n\n\n\n<figure class=\"wp-block-image size-large\"><img loading=\"lazy\" decoding=\"async\" width=\"1024\" height=\"686\" src=\"https:\/\/classem.org\/wp\/wp-content\/uploads\/2025\/09\/Regate-M_-Bischheim_sept_2025_Serie2.0189-1024x686.jpg\" alt=\"\" class=\"wp-image-1803\" srcset=\"https:\/\/classem.org\/wp\/wp-content\/uploads\/2025\/09\/Regate-M_-Bischheim_sept_2025_Serie2.0189-1024x686.jpg 1024w, https:\/\/classem.org\/wp\/wp-content\/uploads\/2025\/09\/Regate-M_-Bischheim_sept_2025_Serie2.0189-300x201.jpg 300w, https:\/\/classem.org\/wp\/wp-content\/uploads\/2025\/09\/Regate-M_-Bischheim_sept_2025_Serie2.0189-768x514.jpg 768w, https:\/\/classem.org\/wp\/wp-content\/uploads\/2025\/09\/Regate-M_-Bischheim_sept_2025_Serie2.0189-1140x763.jpg 1140w, https:\/\/classem.org\/wp\/wp-content\/uploads\/2025\/09\/Regate-M_-Bischheim_sept_2025_Serie2.0189.jpg 1313w\" sizes=\"(max-width: 1024px) 100vw, 1024px\" \/><\/figure>\n","protected":false},"excerpt":{"rendered":"<p>R\u00e9gate de rentr\u00e9e \u00e0 Bischheim \u2013 Challenge Jean-Louis Hoerl\u00e9Dimanche 7 septembre 2025La r\u00e9gate de rentr\u00e9e \u00e0 Bischheim s\u2019est d\u00e9roul\u00e9e dans le cadre du Challenge Jean-LouisHoerl\u00e9, baptis\u00e9 du nom du maire de la ville.Le week-end du 7 septembre nous a offert une m\u00e9t\u00e9o agr\u00e9able : du soleil, certes, mais tr\u00e8speu de vent\u2026 Malgr\u00e9 cette p\u00e9tole, pas moins de 12 manches ont pu \u00eatre disput\u00e9es !Les participants15 skippers avaient fait le d\u00e9placement : Les bateaux pr\u00e9sents \u00e9taient vari\u00e9s et de belle qualit\u00e9 : Sisco, Paradox, Expresso,Grunge, Nioutram, Indie, Shark, Chocolat, etc.Le d\u00e9roulementLes 12 courses se sont encha\u00een\u00e9es de 10h \u00e0 16h, entrecoup\u00e9es d\u2019une pause conviviale \u00e0 midipour partager une collation au bord de l\u2019eau. L\u2019arbitrage et le jugement direct se sont d\u00e9roul\u00e9s dans un esprit sportif exemplaire :aucun incident notable \u00e0 signaler.Les temps fortsMonsieur le Maire, Jean-Louis Hoerl\u00e9, ainsi que plusieurs membres du conseil municipal,tous investis dans la vie associative et sportive de Bischheim, ont honor\u00e9 la remise des prixde leur pr\u00e9sence.C\u2019est d\u2019ailleurs Monsieur le Maire lui-m\u00eame qui a remis au vainqueur le challenge portantson nom.La journ\u00e9e s\u2019est cl\u00f4tur\u00e9e dans la convivialit\u00e9, autour du verre de l\u2019amiti\u00e9. PS : Pas beaucoup de vent dimanche\u2026 mais un gros coup de boost c\u00f4t\u00e9 images !Jean-Charles Balla et Patrick P se sont improvis\u00e9s \u201cpaparazzis du plan d\u2019eau\u201d pourimmortaliser la r\u00e9gate M du 07\/09\/2025.Le lien vers quelques images sur la page d&rsquo;accueil du site M.Y.C.B.<\/p>\n","protected":false},"author":2,"featured_media":1794,"comment_status":"closed","ping_status":"open","sticky":false,"template":"","format":"standard","meta":{"footnotes":""},"categories":[5,10],"tags":[],"class_list":["post-1793","post","type-post","status-publish","format-standard","has-post-thumbnail","hentry","category-actualites","category-regate"],"_links":{"self":[{"href":"https:\/\/classem.org\/wp\/index.php?rest_route=\/wp\/v2\/posts\/1793","targetHints":{"allow":["GET"]}}],"collection":[{"href":"https:\/\/classem.org\/wp\/index.php?rest_route=\/wp\/v2\/posts"}],"about":[{"href":"https:\/\/classem.org\/wp\/index.php?rest_route=\/wp\/v2\/types\/post"}],"author":[{"embeddable":true,"href":"https:\/\/classem.org\/wp\/index.php?rest_route=\/wp\/v2\/users\/2"}],"replies":[{"embeddable":true,"href":"https:\/\/classem.org\/wp\/index.php?rest_route=%2Fwp%2Fv2%2Fcomments&post=1793"}],"version-history":[{"count":3,"href":"https:\/\/classem.org\/wp\/index.php?rest_route=\/wp\/v2\/posts\/1793\/revisions"}],"predecessor-version":[{"id":1804,"href":"https:\/\/classem.org\/wp\/index.php?rest_route=\/wp\/v2\/posts\/1793\/revisions\/1804"}],"wp:featuredmedia":[{"embeddable":true,"href":"https:\/\/classem.org\/wp\/index.php?rest_route=\/wp\/v2\/media\/1794"}],"wp:attachment":[{"href":"https:\/\/classem.org\/wp\/index.php?rest_route=%2Fwp%2Fv2%2Fmedia&parent=1793"}],"wp:term":[{"taxonomy":"category","embeddable":true,"href":"https:\/\/classem.org\/wp\/index.php?rest_route=%2Fwp%2Fv2%2Fcategories&post=1793"},{"taxonomy":"post_tag","embeddable":true,"href":"https:\/\/classem.org\/wp\/index.php?rest_route=%2Fwp%2Fv2%2Ftags&post=1793"}],"curies":[{"name":"wp","href":"https:\/\/api.w.org\/{rel}","templated":true}]}}