{"id":1850,"date":"2025-10-29T11:04:21","date_gmt":"2025-10-29T10:04:21","guid":{"rendered":"https:\/\/classem.org\/wp\/?p=1850"},"modified":"2025-10-29T15:25:38","modified_gmt":"2025-10-29T14:25:38","slug":"roland-haenel-arrache-la-victoire-a-la-derniere-du-m-a-bischheim-au-mycb","status":"publish","type":"post","link":"https:\/\/classem.org\/wp\/?p=1850","title":{"rendered":"Roland HAENEL arrache la victoire \u00e0 la \u00ab\u00a0Derni\u00e8re du M\u00a0\u00bb \u00e0 Bischheim au MYCB"},"content":{"rendered":"\n<pre class=\"wp-block-preformatted\">Clap de fin pour la saison 2025 du MYCB<br><br>Dimanche 26 octobre, le Mod\u00e8le Yacht Club de Bischheim (MYCB) a tir\u00e9 sa r\u00e9v\u00e9rence pour la saison 2025 en organisant sa derni\u00e8re r\u00e9gate sur le plan d\u2019eau de la Ballasti\u00e8re.<br><br>Treize skippers \u00e9taient inscrits, mais seuls dix ont finalement pris le d\u00e9part, trois ayant d\u00fb d\u00e9clarer forfait pour cause de grippe.<br>Issus de divers horizons \u2014 Nancy, Allemagne et bien s\u00fbr le MYCB \u2014 les concurrents se sont affront\u00e9s tout au long de la journ\u00e9e lors de dix manches disput\u00e9es sous un vent capricieux, alternant rafales soutenues et petites averses.<br><br>Au terme de courses intenses et disput\u00e9es, le podium s\u2019est dessin\u00e9 :<br>\ud83e\udd47 Roland Haenel (MYCB)<br>\ud83e\udd48 Joseph Schneider (MYCB)<br>\ud83e\udd49 Gerd Schmitt (Allemagne)<br><br>Encore une belle journ\u00e9e de r\u00e9gate, conclue dans la convivialit\u00e9 autour du verre de l\u2019amiti\u00e9.<br>Rendez-vous l\u2019ann\u00e9e prochaine pour une nouvelle saison, riche en d\u00e9fis, en comp\u00e9tition et en bons moments partag\u00e9s au sein du MYCB et de ses r\u00e9gatiers !<br><br>Les r\u00e9sultats complets sont<a href=\"https:\/\/regates.ffvoile.fr\/epreuves\/279186\/resultats\/?resultId=210755\"> l\u00e0<\/a><\/pre>\n\n\n\n<p>Le reportage photo est <a href=\"https:\/\/photos.google.com\/share\/AF1QipOAFI80voYguhHZuOGed83AlSl1JZGdltvfStv_j7zOlNHcSooAMLEklhvbzQPK8A?key=OURiLXd3QnJoZDNOdzVTaHNBMlY1bDltSkN1dWdR\">l\u00e0<\/a><\/p>\n\n\n\n<figure class=\"wp-block-image size-large\"><img fetchpriority=\"high\" decoding=\"async\" width=\"1024\" height=\"682\" src=\"https:\/\/classem.org\/wp\/wp-content\/uploads\/2025\/10\/image-3-1024x682.png\" alt=\"\" class=\"wp-image-1852\" srcset=\"https:\/\/classem.org\/wp\/wp-content\/uploads\/2025\/10\/image-3-1024x682.png 1024w, https:\/\/classem.org\/wp\/wp-content\/uploads\/2025\/10\/image-3-300x200.png 300w, https:\/\/classem.org\/wp\/wp-content\/uploads\/2025\/10\/image-3-768x512.png 768w, https:\/\/classem.org\/wp\/wp-content\/uploads\/2025\/10\/image-3-1140x760.png 1140w, https:\/\/classem.org\/wp\/wp-content\/uploads\/2025\/10\/image-3.png 1319w\" sizes=\"(max-width: 1024px) 100vw, 1024px\" \/><\/figure>\n\n\n\n<figure class=\"wp-block-image size-large\"><img decoding=\"async\" width=\"1024\" height=\"682\" src=\"https:\/\/classem.org\/wp\/wp-content\/uploads\/2025\/10\/IMG_6846b-1024x682.jpg\" alt=\"\" class=\"wp-image-1853\" srcset=\"https:\/\/classem.org\/wp\/wp-content\/uploads\/2025\/10\/IMG_6846b-1024x682.jpg 1024w, https:\/\/classem.org\/wp\/wp-content\/uploads\/2025\/10\/IMG_6846b-300x200.jpg 300w, https:\/\/classem.org\/wp\/wp-content\/uploads\/2025\/10\/IMG_6846b-768x512.jpg 768w, https:\/\/classem.org\/wp\/wp-content\/uploads\/2025\/10\/IMG_6846b-1140x760.jpg 1140w, https:\/\/classem.org\/wp\/wp-content\/uploads\/2025\/10\/IMG_6846b.jpg 1319w\" sizes=\"(max-width: 1024px) 100vw, 1024px\" \/><\/figure>\n\n\n\n<figure class=\"wp-block-image size-large\"><img decoding=\"async\" width=\"1024\" height=\"682\" src=\"https:\/\/classem.org\/wp\/wp-content\/uploads\/2025\/10\/IMG_6951b-1024x682.jpg\" alt=\"\" class=\"wp-image-1854\" srcset=\"https:\/\/classem.org\/wp\/wp-content\/uploads\/2025\/10\/IMG_6951b-1024x682.jpg 1024w, https:\/\/classem.org\/wp\/wp-content\/uploads\/2025\/10\/IMG_6951b-300x200.jpg 300w, https:\/\/classem.org\/wp\/wp-content\/uploads\/2025\/10\/IMG_6951b-768x512.jpg 768w, https:\/\/classem.org\/wp\/wp-content\/uploads\/2025\/10\/IMG_6951b-1140x760.jpg 1140w, https:\/\/classem.org\/wp\/wp-content\/uploads\/2025\/10\/IMG_6951b.jpg 1319w\" sizes=\"(max-width: 1024px) 100vw, 1024px\" \/><\/figure>\n\n\n\n<figure class=\"wp-block-image size-large\"><img loading=\"lazy\" decoding=\"async\" width=\"1024\" height=\"682\" src=\"https:\/\/classem.org\/wp\/wp-content\/uploads\/2025\/10\/IMG_7117b-1024x682.jpg\" alt=\"\" class=\"wp-image-1856\" srcset=\"https:\/\/classem.org\/wp\/wp-content\/uploads\/2025\/10\/IMG_7117b-1024x682.jpg 1024w, https:\/\/classem.org\/wp\/wp-content\/uploads\/2025\/10\/IMG_7117b-300x200.jpg 300w, https:\/\/classem.org\/wp\/wp-content\/uploads\/2025\/10\/IMG_7117b-768x512.jpg 768w, https:\/\/classem.org\/wp\/wp-content\/uploads\/2025\/10\/IMG_7117b-1140x760.jpg 1140w, https:\/\/classem.org\/wp\/wp-content\/uploads\/2025\/10\/IMG_7117b.jpg 1319w\" sizes=\"(max-width: 1024px) 100vw, 1024px\" \/><\/figure>\n","protected":false},"excerpt":{"rendered":"<p>Clap de fin pour la saison 2025 du MYCBDimanche 26 octobre, le Mod\u00e8le Yacht Club de Bischheim (MYCB) a tir\u00e9 sa r\u00e9v\u00e9rence pour la saison 2025 en organisant sa derni\u00e8re r\u00e9gate sur le plan d\u2019eau de la Ballasti\u00e8re.Treize skippers \u00e9taient inscrits, mais seuls dix ont finalement pris le d\u00e9part, trois ayant d\u00fb d\u00e9clarer forfait pour cause de grippe.Issus de divers horizons \u2014 Nancy, Allemagne et bien s\u00fbr le MYCB \u2014 les concurrents se sont affront\u00e9s tout au long de la journ\u00e9e lors de dix manches disput\u00e9es sous un vent capricieux, alternant rafales soutenues et petites averses.Au terme de courses intenses et disput\u00e9es, le podium s\u2019est dessin\u00e9 :\ud83e\udd47 Roland Haenel (MYCB)\ud83e\udd48 Joseph Schneider (MYCB)\ud83e\udd49 Gerd Schmitt (Allemagne)Encore une belle journ\u00e9e de r\u00e9gate, conclue dans la convivialit\u00e9 autour du verre de l\u2019amiti\u00e9.Rendez-vous l\u2019ann\u00e9e prochaine pour une nouvelle saison, riche en d\u00e9fis, en comp\u00e9tition et en bons moments partag\u00e9s au sein du MYCB et de ses r\u00e9gatiers !Les r\u00e9sultats complets sont l\u00e0 Le reportage photo est l\u00e0<\/p>\n","protected":false},"author":2,"featured_media":1851,"comment_status":"closed","ping_status":"open","sticky":false,"template":"","format":"standard","meta":{"footnotes":""},"categories":[5,10],"tags":[],"class_list":["post-1850","post","type-post","status-publish","format-standard","has-post-thumbnail","hentry","category-actualites","category-regate"],"_links":{"self":[{"href":"https:\/\/classem.org\/wp\/index.php?rest_route=\/wp\/v2\/posts\/1850","targetHints":{"allow":["GET"]}}],"collection":[{"href":"https:\/\/classem.org\/wp\/index.php?rest_route=\/wp\/v2\/posts"}],"about":[{"href":"https:\/\/classem.org\/wp\/index.php?rest_route=\/wp\/v2\/types\/post"}],"author":[{"embeddable":true,"href":"https:\/\/classem.org\/wp\/index.php?rest_route=\/wp\/v2\/users\/2"}],"replies":[{"embeddable":true,"href":"https:\/\/classem.org\/wp\/index.php?rest_route=%2Fwp%2Fv2%2Fcomments&post=1850"}],"version-history":[{"count":2,"href":"https:\/\/classem.org\/wp\/index.php?rest_route=\/wp\/v2\/posts\/1850\/revisions"}],"predecessor-version":[{"id":1857,"href":"https:\/\/classem.org\/wp\/index.php?rest_route=\/wp\/v2\/posts\/1850\/revisions\/1857"}],"wp:featuredmedia":[{"embeddable":true,"href":"https:\/\/classem.org\/wp\/index.php?rest_route=\/wp\/v2\/media\/1851"}],"wp:attachment":[{"href":"https:\/\/classem.org\/wp\/index.php?rest_route=%2Fwp%2Fv2%2Fmedia&parent=1850"}],"wp:term":[{"taxonomy":"category","embeddable":true,"href":"https:\/\/classem.org\/wp\/index.php?rest_route=%2Fwp%2Fv2%2Fcategories&post=1850"},{"taxonomy":"post_tag","embeddable":true,"href":"https:\/\/classem.org\/wp\/index.php?rest_route=%2Fwp%2Fv2%2Ftags&post=1850"}],"curies":[{"name":"wp","href":"https:\/\/api.w.org\/{rel}","templated":true}]}}