{"id":708,"date":"2022-03-15T18:47:35","date_gmt":"2022-03-15T17:47:35","guid":{"rendered":"https:\/\/classem.org\/wp\/?p=708"},"modified":"2022-03-25T19:14:31","modified_gmt":"2022-03-25T18:14:31","slug":"premiere-regate-a-plobsheim","status":"publish","type":"post","link":"https:\/\/classem.org\/wp\/?p=708","title":{"rendered":"Premi\u00e8re r\u00e9gate \u00e0 Plobsheim"},"content":{"rendered":"\n<p>L&rsquo;ACAL organisait sa premi\u00e8re sortie de la saison. 14 classe M ont disput\u00e9 l&rsquo;\u00e9preuve dont plusieurs skippers allemands en particulier nos amis Faas et Gerhard. La victoire est revenue \u00e0  Rapha\u00ebl EYDER de Bischheim &#8211; devant Faas. Les r\u00e9sultats complets sont <a rel=\"noreferrer noopener\" href=\"https:\/\/www.ffvoile.fr\/ffv\/sportif\/ClmtCompetDet.asp?clid=173381\" target=\"_blank\">l\u00e0<\/a><\/p>\n\n\n\n<figure class=\"wp-block-image size-large is-style-default\"><img decoding=\"async\" src=\"https:\/\/www.acal67.com\/wp-content\/uploads\/2022\/03\/M-en-Mars-1-scaled.jpg\" alt=\"\" \/><figcaption>Le Skalpel de Marcel KRAUTH a pris un tr\u00e8s bon d\u00e9part<\/figcaption><\/figure>\n\n\n\n<p>Le compte rendu de l&rsquo;ACAL est <a rel=\"noreferrer noopener\" href=\"https:\/\/www.acal67.com\/voile-m-en-mars-13-mars-2022\/\" target=\"_blank\">l\u00e0<\/a><\/p>\n","protected":false},"excerpt":{"rendered":"<p>L&rsquo;ACAL organisait sa premi\u00e8re sortie de la saison. 14 classe M ont disput\u00e9 l&rsquo;\u00e9preuve dont plusieurs skippers allemands en particulier nos amis Faas et Gerhard. La victoire est revenue \u00e0 Rapha\u00ebl EYDER de Bischheim &#8211; devant Faas. Les r\u00e9sultats complets sont l\u00e0 Le compte rendu de l&rsquo;ACAL est l\u00e0<\/p>\n","protected":false},"author":2,"featured_media":610,"comment_status":"open","ping_status":"open","sticky":false,"template":"","format":"standard","meta":{"footnotes":""},"categories":[5,10],"tags":[],"class_list":["post-708","post","type-post","status-publish","format-standard","has-post-thumbnail","hentry","category-actualites","category-regate"],"_links":{"self":[{"href":"https:\/\/classem.org\/wp\/index.php?rest_route=\/wp\/v2\/posts\/708","targetHints":{"allow":["GET"]}}],"collection":[{"href":"https:\/\/classem.org\/wp\/index.php?rest_route=\/wp\/v2\/posts"}],"about":[{"href":"https:\/\/classem.org\/wp\/index.php?rest_route=\/wp\/v2\/types\/post"}],"author":[{"embeddable":true,"href":"https:\/\/classem.org\/wp\/index.php?rest_route=\/wp\/v2\/users\/2"}],"replies":[{"embeddable":true,"href":"https:\/\/classem.org\/wp\/index.php?rest_route=%2Fwp%2Fv2%2Fcomments&post=708"}],"version-history":[{"count":9,"href":"https:\/\/classem.org\/wp\/index.php?rest_route=\/wp\/v2\/posts\/708\/revisions"}],"predecessor-version":[{"id":870,"href":"https:\/\/classem.org\/wp\/index.php?rest_route=\/wp\/v2\/posts\/708\/revisions\/870"}],"wp:featuredmedia":[{"embeddable":true,"href":"https:\/\/classem.org\/wp\/index.php?rest_route=\/wp\/v2\/media\/610"}],"wp:attachment":[{"href":"https:\/\/classem.org\/wp\/index.php?rest_route=%2Fwp%2Fv2%2Fmedia&parent=708"}],"wp:term":[{"taxonomy":"category","embeddable":true,"href":"https:\/\/classem.org\/wp\/index.php?rest_route=%2Fwp%2Fv2%2Fcategories&post=708"},{"taxonomy":"post_tag","embeddable":true,"href":"https:\/\/classem.org\/wp\/index.php?rest_route=%2Fwp%2Fv2%2Ftags&post=708"}],"curies":[{"name":"wp","href":"https:\/\/api.w.org\/{rel}","templated":true}]}}