{"id":711,"date":"2022-03-15T22:08:24","date_gmt":"2022-03-15T21:08:24","guid":{"rendered":"https:\/\/classem.org\/wp\/?p=711"},"modified":"2022-04-03T23:28:54","modified_gmt":"2022-04-03T21:28:54","slug":"un-eurobreizh-aux-petits-oignons","status":"publish","type":"post","link":"https:\/\/classem.org\/wp\/?p=711","title":{"rendered":"Un EuroBreizh aux petits oignons"},"content":{"rendered":"\n<p>Le week-end dernier, s&rsquo;est couru \u00e0 Bain de Bretagne l&rsquo;\u00e9dition 2022 de l&rsquo;Eurobreizh en classe M. Kiki a fait des photos qu&rsquo;elle publira avec un compte-rendu \u00e0 sa fa\u00e7on, tr\u00e8s illustr\u00e9 bien s\u00fbr. Les conditions de vent ont \u00e9t\u00e9 sympas, un peu de jeu B voire C le samedi puis de A, mais du lourd, pour le reste de l&rsquo;\u00e9preuve que remporte sur le fil Patrice avec Stress 77 devant Gilles qui a cru jusqu&rsquo;au bout qu&rsquo;il remporterait l&rsquo;\u00e9preuve ! 35 skippers se sont retrouv\u00e9s et se sont r\u00e9gal\u00e9s avec des jarrets de porc servies samedi &#8211; si l&rsquo;on en croit les messages de remerciements post\u00e9es sur le forum de la classe.<\/p>\n\n\n\n<p>Bravo \u00e0 Patrice pour cette belle victoire en terre bretonne.<\/p>\n\n\n\n<p>Le classement est <a rel=\"noreferrer noopener\" href=\"https:\/\/www.ffvoile.fr\/ffv\/sportif\/ClmtCompetDet.asp?clid=173366\" target=\"_blank\">l\u00e0<\/a><\/p>\n\n\n\n<figure class=\"wp-block-image size-full is-style-default\"><img fetchpriority=\"high\" decoding=\"async\" width=\"825\" height=\"651\" src=\"https:\/\/classem.org\/wp\/wp-content\/uploads\/2022\/03\/image-17.png\" alt=\"\" class=\"wp-image-762\" srcset=\"https:\/\/classem.org\/wp\/wp-content\/uploads\/2022\/03\/image-17.png 825w, https:\/\/classem.org\/wp\/wp-content\/uploads\/2022\/03\/image-17-300x237.png 300w, https:\/\/classem.org\/wp\/wp-content\/uploads\/2022\/03\/image-17-768x606.png 768w\" sizes=\"(max-width: 825px) 100vw, 825px\" \/><figcaption>Classement Eurobreizh 2022<\/figcaption><\/figure>\n\n\n\n<p>Les premi\u00e8res images de kiki sont <a href=\"http:\/\/lemondedekiki.net\/le-teasing-de-leuro-breizh-2022\/\" target=\"_blank\" rel=\"noreferrer noopener\">l\u00e0<\/a><\/p>\n\n\n\n<figure class=\"wp-block-image size-full is-style-default\"><img decoding=\"async\" width=\"800\" height=\"533\" src=\"https:\/\/classem.org\/wp\/wp-content\/uploads\/2022\/02\/DSC_7217.jpg\" alt=\"\" class=\"wp-image-613\" srcset=\"https:\/\/classem.org\/wp\/wp-content\/uploads\/2022\/02\/DSC_7217.jpg 800w, https:\/\/classem.org\/wp\/wp-content\/uploads\/2022\/02\/DSC_7217-300x200.jpg 300w, https:\/\/classem.org\/wp\/wp-content\/uploads\/2022\/02\/DSC_7217-768x512.jpg 768w\" sizes=\"(max-width: 800px) 100vw, 800px\" \/><\/figure>\n\n\n\n<p><\/p>\n","protected":false},"excerpt":{"rendered":"<p>Le week-end dernier, s&rsquo;est couru \u00e0 Bain de Bretagne l&rsquo;\u00e9dition 2022 de l&rsquo;Eurobreizh en classe M. Kiki a fait des photos qu&rsquo;elle publira avec un compte-rendu \u00e0 sa fa\u00e7on, tr\u00e8s illustr\u00e9 bien s\u00fbr. Les conditions de vent ont \u00e9t\u00e9 sympas, un peu de jeu B voire C le samedi puis de A, mais du lourd, pour le reste de l&rsquo;\u00e9preuve que remporte sur le fil Patrice avec Stress 77 devant Gilles qui a cru jusqu&rsquo;au bout qu&rsquo;il remporterait l&rsquo;\u00e9preuve ! 35 skippers se sont retrouv\u00e9s et se sont r\u00e9gal\u00e9s avec des jarrets de porc servies samedi &#8211; si l&rsquo;on en croit les messages de remerciements post\u00e9es sur le forum de la classe. Bravo \u00e0 Patrice pour cette belle victoire en terre bretonne. Le classement est l\u00e0 Les premi\u00e8res images de kiki sont l\u00e0<\/p>\n","protected":false},"author":2,"featured_media":611,"comment_status":"open","ping_status":"open","sticky":false,"template":"","format":"standard","meta":{"footnotes":""},"categories":[5,10],"tags":[],"class_list":["post-711","post","type-post","status-publish","format-standard","has-post-thumbnail","hentry","category-actualites","category-regate"],"_links":{"self":[{"href":"https:\/\/classem.org\/wp\/index.php?rest_route=\/wp\/v2\/posts\/711","targetHints":{"allow":["GET"]}}],"collection":[{"href":"https:\/\/classem.org\/wp\/index.php?rest_route=\/wp\/v2\/posts"}],"about":[{"href":"https:\/\/classem.org\/wp\/index.php?rest_route=\/wp\/v2\/types\/post"}],"author":[{"embeddable":true,"href":"https:\/\/classem.org\/wp\/index.php?rest_route=\/wp\/v2\/users\/2"}],"replies":[{"embeddable":true,"href":"https:\/\/classem.org\/wp\/index.php?rest_route=%2Fwp%2Fv2%2Fcomments&post=711"}],"version-history":[{"count":5,"href":"https:\/\/classem.org\/wp\/index.php?rest_route=\/wp\/v2\/posts\/711\/revisions"}],"predecessor-version":[{"id":887,"href":"https:\/\/classem.org\/wp\/index.php?rest_route=\/wp\/v2\/posts\/711\/revisions\/887"}],"wp:featuredmedia":[{"embeddable":true,"href":"https:\/\/classem.org\/wp\/index.php?rest_route=\/wp\/v2\/media\/611"}],"wp:attachment":[{"href":"https:\/\/classem.org\/wp\/index.php?rest_route=%2Fwp%2Fv2%2Fmedia&parent=711"}],"wp:term":[{"taxonomy":"category","embeddable":true,"href":"https:\/\/classem.org\/wp\/index.php?rest_route=%2Fwp%2Fv2%2Fcategories&post=711"},{"taxonomy":"post_tag","embeddable":true,"href":"https:\/\/classem.org\/wp\/index.php?rest_route=%2Fwp%2Fv2%2Ftags&post=711"}],"curies":[{"name":"wp","href":"https:\/\/api.w.org\/{rel}","templated":true}]}}