{"id":766,"date":"2022-03-18T21:04:53","date_gmt":"2022-03-18T20:04:53","guid":{"rendered":"https:\/\/classem.org\/wp\/?p=766"},"modified":"2022-03-18T21:10:26","modified_gmt":"2022-03-18T20:10:26","slug":"championnat-de-bretagne-2022","status":"publish","type":"post","link":"https:\/\/classem.org\/wp\/?p=766","title":{"rendered":"Championnat de Bretagne 2022"},"content":{"rendered":"\n<p>Arnaud VAILLANT de Brest, nous communique les informations sur le championnat de Bretagne organis\u00e9e par la ligue de Bretagne.<\/p>\n\n\n\n<div class=\"wp-block-image is-style-default\"><figure class=\"aligncenter size-full\"><img fetchpriority=\"high\" decoding=\"async\" width=\"332\" height=\"222\" src=\"https:\/\/classem.org\/wp\/wp-content\/uploads\/2022\/03\/image-19.png\" alt=\"\" class=\"wp-image-769\" srcset=\"https:\/\/classem.org\/wp\/wp-content\/uploads\/2022\/03\/image-19.png 332w, https:\/\/classem.org\/wp\/wp-content\/uploads\/2022\/03\/image-19-300x201.png 300w\" sizes=\"(max-width: 332px) 100vw, 332px\" \/><\/figure><\/div>\n\n\n\n<p>Ici je vous en donne quelques extraits, le calendrier et le r\u00e8glement. Et je vous invite \u00e0 vous inscrire \u00e0 ce programme VRC pour la classe M<\/p>\n\n\n\n<figure class=\"wp-block-image size-full is-style-default\"><img decoding=\"async\" width=\"896\" height=\"116\" src=\"https:\/\/classem.org\/wp\/wp-content\/uploads\/2022\/03\/image-18.png\" alt=\"\" class=\"wp-image-768\" srcset=\"https:\/\/classem.org\/wp\/wp-content\/uploads\/2022\/03\/image-18.png 896w, https:\/\/classem.org\/wp\/wp-content\/uploads\/2022\/03\/image-18-300x39.png 300w, https:\/\/classem.org\/wp\/wp-content\/uploads\/2022\/03\/image-18-768x99.png 768w\" sizes=\"(max-width: 896px) 100vw, 896px\" \/><\/figure>\n\n\n\n<p>Puis voici l&rsquo;extrait du r\u00e8glement qui concerne la VRC en classe M<\/p>\n\n\n\n<p><em>D \/ Le Championnat de Bretagne VRC \u00ab Marblehead \u00bb<br>1) Objectif et calendrier :<br>L\u2019objectif de ce Championnat est d\u2019offrir aux coureurs VRC, un circuit stable d\u2019\u00e9preuves pour se confronter \u00e0 l\u2019\u00e9chelle d\u2019une saison sportive. Il est programm\u00e9 sur l\u2019ann\u00e9e civile de janvier \u00e0 d\u00e9cembre. Afin de prendre en compte la sp\u00e9cificit\u00e9 des coureurs VRC, il sera propos\u00e9 des journ\u00e9es d&rsquo;entra\u00eenement et d\u2019\u00e9tude de plans d\u2019eau.<br><\/em><\/p>\n\n\n\n<p><br><em><br><\/em><\/p>\n","protected":false},"excerpt":{"rendered":"<p>Arnaud VAILLANT de Brest, nous communique les informations sur le championnat de Bretagne organis\u00e9e par la ligue de Bretagne. Ici je vous en donne quelques extraits, le calendrier et le r\u00e8glement. Et je vous invite \u00e0 vous inscrire \u00e0 ce programme VRC pour la classe M Puis voici l&rsquo;extrait du r\u00e8glement qui concerne la VRC en classe M D \/ Le Championnat de Bretagne VRC \u00ab Marblehead \u00bb1) Objectif et calendrier :L\u2019objectif de ce Championnat est d\u2019offrir aux coureurs VRC, un circuit stable d\u2019\u00e9preuves pour se confronter \u00e0 l\u2019\u00e9chelle d\u2019une saison sportive. Il est programm\u00e9 sur l\u2019ann\u00e9e civile de janvier \u00e0 d\u00e9cembre. Afin de prendre en compte la sp\u00e9cificit\u00e9 des coureurs VRC, il sera propos\u00e9 des journ\u00e9es d&rsquo;entra\u00eenement et d\u2019\u00e9tude de plans d\u2019eau.<\/p>\n","protected":false},"author":2,"featured_media":769,"comment_status":"open","ping_status":"open","sticky":false,"template":"","format":"standard","meta":{"footnotes":""},"categories":[5,1,10],"tags":[],"class_list":["post-766","post","type-post","status-publish","format-standard","has-post-thumbnail","hentry","category-actualites","category-non-classe","category-regate"],"_links":{"self":[{"href":"https:\/\/classem.org\/wp\/index.php?rest_route=\/wp\/v2\/posts\/766","targetHints":{"allow":["GET"]}}],"collection":[{"href":"https:\/\/classem.org\/wp\/index.php?rest_route=\/wp\/v2\/posts"}],"about":[{"href":"https:\/\/classem.org\/wp\/index.php?rest_route=\/wp\/v2\/types\/post"}],"author":[{"embeddable":true,"href":"https:\/\/classem.org\/wp\/index.php?rest_route=\/wp\/v2\/users\/2"}],"replies":[{"embeddable":true,"href":"https:\/\/classem.org\/wp\/index.php?rest_route=%2Fwp%2Fv2%2Fcomments&post=766"}],"version-history":[{"count":3,"href":"https:\/\/classem.org\/wp\/index.php?rest_route=\/wp\/v2\/posts\/766\/revisions"}],"predecessor-version":[{"id":772,"href":"https:\/\/classem.org\/wp\/index.php?rest_route=\/wp\/v2\/posts\/766\/revisions\/772"}],"wp:featuredmedia":[{"embeddable":true,"href":"https:\/\/classem.org\/wp\/index.php?rest_route=\/wp\/v2\/media\/769"}],"wp:attachment":[{"href":"https:\/\/classem.org\/wp\/index.php?rest_route=%2Fwp%2Fv2%2Fmedia&parent=766"}],"wp:term":[{"taxonomy":"category","embeddable":true,"href":"https:\/\/classem.org\/wp\/index.php?rest_route=%2Fwp%2Fv2%2Fcategories&post=766"},{"taxonomy":"post_tag","embeddable":true,"href":"https:\/\/classem.org\/wp\/index.php?rest_route=%2Fwp%2Fv2%2Ftags&post=766"}],"curies":[{"name":"wp","href":"https:\/\/api.w.org\/{rel}","templated":true}]}}