{"id":981,"date":"2023-12-11T18:48:15","date_gmt":"2023-12-11T17:48:15","guid":{"rendered":"https:\/\/classem.org\/wp\/?p=981"},"modified":"2023-12-11T18:48:15","modified_gmt":"2023-12-11T17:48:15","slug":"patrice-honore-au-trophee-du-marin-de-lannee","status":"publish","type":"post","link":"https:\/\/classem.org\/wp\/?p=981","title":{"rendered":"Patrice honor\u00e9 au troph\u00e9e du marin de l&rsquo;ann\u00e9e"},"content":{"rendered":"\n<p>Patrice \u00e9tait invit\u00e9 \u00e0 la remise du troph\u00e9e du marin de l&rsquo;ann\u00e9e par la FFVoile. Aur\u00e9ol\u00e9 de son titre de champion du monde 2023 en classe M et de sa troisi\u00e8me place en 10R Patrice a dignement et logiquement repr\u00e9sent\u00e9 notre discipline qui a domin\u00e9 le mondial cette ann\u00e9e. Deux fran\u00e7ais en effet sont mont\u00e9s sur le podium sur les deux plus hautes marches. Bravo Patrice.<\/p>\n\n\n\n<p>Un grand merci \u00e0 Kiki qui a fait un super <a href=\"http:\/\/lemondedekiki.net\/la-soiree-du-marin-de-lannee-2023\/\">reportage que l&rsquo;on peut consulter ici<\/a>. Magnifiques photos.<\/p>\n\n\n\n<figure class=\"wp-block-image size-full\"><img fetchpriority=\"high\" decoding=\"async\" width=\"533\" height=\"800\" src=\"https:\/\/classem.org\/wp\/wp-content\/uploads\/2023\/12\/DSC_1395-533x800-1.jpg\" alt=\"\" class=\"wp-image-983\" srcset=\"https:\/\/classem.org\/wp\/wp-content\/uploads\/2023\/12\/DSC_1395-533x800-1.jpg 533w, https:\/\/classem.org\/wp\/wp-content\/uploads\/2023\/12\/DSC_1395-533x800-1-200x300.jpg 200w\" sizes=\"(max-width: 533px) 100vw, 533px\" \/><\/figure>\n","protected":false},"excerpt":{"rendered":"<p>Patrice \u00e9tait invit\u00e9 \u00e0 la remise du troph\u00e9e du marin de l&rsquo;ann\u00e9e par la FFVoile. Aur\u00e9ol\u00e9 de son titre de champion du monde 2023 en classe M et de sa troisi\u00e8me place en 10R Patrice a dignement et logiquement repr\u00e9sent\u00e9 notre discipline qui a domin\u00e9 le mondial cette ann\u00e9e. Deux fran\u00e7ais en effet sont mont\u00e9s sur le podium sur les deux plus hautes marches. Bravo Patrice. Un grand merci \u00e0 Kiki qui a fait un super reportage que l&rsquo;on peut consulter ici. Magnifiques photos.<\/p>\n","protected":false},"author":1,"featured_media":982,"comment_status":"open","ping_status":"open","sticky":false,"template":"","format":"standard","meta":{"footnotes":""},"categories":[5,7],"tags":[],"class_list":["post-981","post","type-post","status-publish","format-standard","has-post-thumbnail","hentry","category-actualites","category-reportage"],"_links":{"self":[{"href":"https:\/\/classem.org\/wp\/index.php?rest_route=\/wp\/v2\/posts\/981","targetHints":{"allow":["GET"]}}],"collection":[{"href":"https:\/\/classem.org\/wp\/index.php?rest_route=\/wp\/v2\/posts"}],"about":[{"href":"https:\/\/classem.org\/wp\/index.php?rest_route=\/wp\/v2\/types\/post"}],"author":[{"embeddable":true,"href":"https:\/\/classem.org\/wp\/index.php?rest_route=\/wp\/v2\/users\/1"}],"replies":[{"embeddable":true,"href":"https:\/\/classem.org\/wp\/index.php?rest_route=%2Fwp%2Fv2%2Fcomments&post=981"}],"version-history":[{"count":1,"href":"https:\/\/classem.org\/wp\/index.php?rest_route=\/wp\/v2\/posts\/981\/revisions"}],"predecessor-version":[{"id":984,"href":"https:\/\/classem.org\/wp\/index.php?rest_route=\/wp\/v2\/posts\/981\/revisions\/984"}],"wp:featuredmedia":[{"embeddable":true,"href":"https:\/\/classem.org\/wp\/index.php?rest_route=\/wp\/v2\/media\/982"}],"wp:attachment":[{"href":"https:\/\/classem.org\/wp\/index.php?rest_route=%2Fwp%2Fv2%2Fmedia&parent=981"}],"wp:term":[{"taxonomy":"category","embeddable":true,"href":"https:\/\/classem.org\/wp\/index.php?rest_route=%2Fwp%2Fv2%2Fcategories&post=981"},{"taxonomy":"post_tag","embeddable":true,"href":"https:\/\/classem.org\/wp\/index.php?rest_route=%2Fwp%2Fv2%2Ftags&post=981"}],"curies":[{"name":"wp","href":"https:\/\/api.w.org\/{rel}","templated":true}]}}